{"id":832,"date":"2025-09-17T18:17:18","date_gmt":"2025-09-17T18:17:18","guid":{"rendered":"https:\/\/alfacaps.com.br\/?p=832"},"modified":"2025-09-17T18:17:19","modified_gmt":"2025-09-17T18:17:19","slug":"melhor-epoca-do-ano-para-visitar-porto-de-galinhas-clima-e-eventos","status":"publish","type":"post","link":"https:\/\/alfacaps.com.br\/index.php\/2025\/09\/17\/melhor-epoca-do-ano-para-visitar-porto-de-galinhas-clima-e-eventos\/","title":{"rendered":"Melhor \u00e9poca do ano para visitar Porto de Galinhas: clima e eventos"},"content":{"rendered":"\n<p>Voc\u00ea sabia que visitar Porto de Galinhas muda muito com o tempo? Esta cidade, conhecida por suas praias e cultura, tem coisas especiais em cada \u00e9poca. Veja aqui qual \u00e9 o melhor momento para visitar Pernambuco e como o clima afeta sua viagem.<\/p>\n\n\n\n<h2 class=\"wp-block-heading\">Introdu\u00e7\u00e3o ao clima de Porto de Galinhas<\/h2>\n\n\n\n<figure class=\"wp-block-image size-large\"><img loading=\"lazy\" decoding=\"async\" width=\"1024\" height=\"630\" src=\"https:\/\/alfacaps.com.br\/wp-content\/uploads\/2025\/09\/mulher-porto-de-galinhas-1024x630.jpg\" alt=\"Introdu\u00e7\u00e3o ao clima de Porto de Galinhas\" class=\"wp-image-834\" srcset=\"https:\/\/alfacaps.com.br\/wp-content\/uploads\/2025\/09\/mulher-porto-de-galinhas-1024x630.jpg 1024w, https:\/\/alfacaps.com.br\/wp-content\/uploads\/2025\/09\/mulher-porto-de-galinhas-300x184.jpg 300w, https:\/\/alfacaps.com.br\/wp-content\/uploads\/2025\/09\/mulher-porto-de-galinhas-768x472.jpg 768w, https:\/\/alfacaps.com.br\/wp-content\/uploads\/2025\/09\/mulher-porto-de-galinhas.jpg 1280w\" sizes=\"auto, (max-width: 1024px) 100vw, 1024px\" \/><\/figure>\n\n\n\n<p>Porto de Galinhas \u00e9 uma vila encantadora no litoral de Pernambuco. Seu clima tropical atrai turistas o ano todo. A temperatura varia entre 25\u00b0C e 30\u00b0C, perfeita para atividades ao ar livre.<\/p>\n\n\n\n<p>A umidade \u00e9 alta, o que pode fazer o calor parecer ainda maior. Isso \u00e9 mais not\u00e1vel no ver\u00e3o.<\/p>\n\n\n\n<p>A localiza\u00e7\u00e3o de Porto de Galinhas faz seu clima ser \u00f3timo para turismo. Os visitantes, especialmente aqueles hospedados em um <a href=\"https:\/\/www.grupowish.com\/marupiara-resort-by-wish\">resort Porto de Galinhas<\/a>, encontram uma rica biodiversidade e belas paisagens. O sol brilha quase sempre, tornando a vila ideal para relaxar e aventurar-se.<\/p>\n\n\n\n<p>Essa mistura de clima, temperatura e umidade faz de Porto de Galinhas um lugar especial. \u00c9 perfeito para quem quer criar mem\u00f3rias inesquec\u00edveis com a natureza.<\/p>\n\n\n\n<h2 class=\"wp-block-heading\">Caracter\u00edsticas clim\u00e1ticas ao longo do ano<\/h2>\n\n\n\n<p>O clima em Porto de Galinhas muda muito ao longo do ano. As esta\u00e7\u00f5es trazem mudan\u00e7as nas temperaturas, na umidade e na quantidade de chuva.<\/p>\n\n\n\n<p>No ver\u00e3o, de dezembro a fevereiro, o clima \u00e9 quente e \u00famido. As temperaturas podem chegar a mais de 30 graus Celsius, atraindo muitos visitantes para as praias.<\/p>\n\n\n\n<p>Com o outono, de mar\u00e7o a maio, as temperaturas come\u00e7am a cair um pouco. Mas ainda \u00e9 um tempo ensolarado. \u00c9 \u00f3timo para quem quer ver as belezas naturais, pois as chuvas s\u00e3o menos comuns.<\/p>\n\n\n\n<p>O inverno, de junho a agosto, \u00e9 a esta\u00e7\u00e3o mais fria. As temperaturas m\u00e9dias ficam em torno de 25 graus Celsius. Mesmo sendo mais frio, o clima ainda \u00e9 agrad\u00e1vel para atividades ao ar livre.<\/p>\n\n\n\n<p>Na primavera, de setembro a novembro, as temperaturas come\u00e7am a subir. Os dias s\u00e3o ensolarados, mas \u00e0s vezes chove. Assim, cada esta\u00e7\u00e3o traz algo especial para os visitantes.<\/p>\n\n\n\n<h2 class=\"wp-block-heading\">Ver\u00e3o em Porto de Galinhas<\/h2>\n\n\n\n<p>No ver\u00e3o, Porto de Galinhas se torna um dos lugares mais queridos do Brasil. As temperaturas costumam ultrapassar os 30\u00b0C. Isso atrai muitos turistas que querem divers\u00e3o ao sol.<\/p>\n\n\n\n<p>As praias ficam cheias durante as f\u00e9rias escolares. Isso cria um ambiente perfeito para fam\u00edlias que querem se divertir juntas.<\/p>\n\n\n\n<p>Existem muitas atividades para fazer. Os visitantes podem ir em passeios de jangada at\u00e9 as piscinas naturais. Eles tamb\u00e9m podem mergulhar para explorar o mar.<\/p>\n\n\n\n<p>Festivais locais trazem m\u00fasica e cultura para a praia. Eles criam um ambiente \u00fanico e inesquec\u00edvel.<\/p>\n\n\n\n<p>\u00c9 bom saber que a umidade e as chuvas r\u00e1pidas podem acontecer. Por isso, \u00e9 essencial se preparar bem. Assim, a experi\u00eancia em Porto de Galinhas ser\u00e1 ainda melhor.<\/p>\n\n\n\n<h2 class=\"wp-block-heading\">Outono em Porto de Galinhas<\/h2>\n\n\n\n<p>O outono em Porto de Galinhas acontece de mar\u00e7o a maio. Nessa \u00e9poca, o clima \u00e9 mais suave, com temperaturas entre 25\u00b0C e 28\u00b0C. \u00c9 o melhor momento para visitar, pois as chuvas s\u00e3o poucas, deixando o sol brilhar.<\/p>\n\n\n\n<p>Os turistas podem curtir as praias incr\u00edveis e eventos culturais. Festivais de m\u00fasica e comida locais s\u00e3o comuns. Eles trazem a cultura da regi\u00e3o para o p\u00fablico. O clima e a energia do outono fazem Porto de Galinhas ser ainda mais especial.<\/p>\n\n\n\n<h2 class=\"wp-block-heading\">Inverno em Porto de Galinhas<\/h2>\n\n\n\n<p>No inverno, Porto de Galinhas tem um clima agrad\u00e1vel. As temperaturas variam entre 22\u00b0C e 27\u00b0C. Mesmo sendo a esta\u00e7\u00e3o das chuvas, ainda h\u00e1 dias ensolarados.<\/p>\n\n\n\n<p>Essa \u00e9poca \u00e9 perfeita para relaxar nas praias. A sensa\u00e7\u00e3o de frescor \u00e9 \u00f3tima. \u00c9 um momento ideal para quem quer paz e atividades ao ar livre.<\/p>\n\n\n\n<p>O inverno tamb\u00e9m \u00e9 cheio de eventos culturais. As festas juninas s\u00e3o muito especiais. Elas trazem m\u00fasica, dan\u00e7a e comida, atraindo muita gente.<\/p>\n\n\n\n<h2 class=\"wp-block-heading\">Primavera em Porto de Galinhas<\/h2>\n\n\n\n<p>A primavera, que vai de setembro a novembro, faz de Porto de Galinhas um para\u00edso tropical. As temperaturas variam entre 26\u00b0C e 30\u00b0C. Isso cria um clima perfeito para quem quer se conectar com a natureza.<\/p>\n\n\n\n<p>Na primavera, a flora local floresce com cores vibrantes. Isso torna a paisagem ainda mais bela. Os visitantes podem explorar praias, trilhas e recifes de corais. \u00c9 a \u00e9poca ideal para quem adora a natureza.<\/p>\n\n\n\n<p>Al\u00e9m disso, a primavera traz festivais culturais. Esses eventos celebram a rica heran\u00e7a pernambucana. Eles oferecem uma experi\u00eancia \u00fanica, misturando turismo, cultura e hist\u00f3ria. Assim, \u00e9 uma \u00e9poca perfeita para quem quer relaxar e mergulhar na cultura local.<\/p>\n\n\n\n<h2 class=\"wp-block-heading\">Eventos culturais de Porto de Galinhas<\/h2>\n\n\n\n<p>Porto de Galinhas \u00e9 um verdadeiro celeiro de eventos culturais. Eles encantam tanto visitantes quanto residentes. Festivais de m\u00fasica, como o Festival de Ver\u00e3o, iluminam as noites com ritmos contagiantes.<\/p>\n\n\n\n<p>As celebra\u00e7\u00f5es gastron\u00f4micas, como o Festival do Camar\u00e3o, atraem amantes da culin\u00e1ria. Eles oferecem uma imers\u00e3o nas del\u00edcias da gastronomia local.<\/p>\n\n\n\n<p>Esses eventos n\u00e3o apenas divulgam as tradi\u00e7\u00f5es pernambucanas. Eles tamb\u00e9m promovem o turismo cultural na regi\u00e3o. Ao participar, os viajantes aprendem sobre as dan\u00e7as t\u00edpicas, as comidas regionais e o esp\u00edrito vibrante da comunidade.<\/p>\n\n\n\n<p>Cada esta\u00e7\u00e3o traz uma programa\u00e7\u00e3o \u00fanica. As atividades se adaptam ao clima e \u00e0 atmosfera da regi\u00e3o. Isso torna cada visita a Porto de Galinhas uma experi\u00eancia inesquec\u00edvel.<\/p>\n\n\n\n<h2 class=\"wp-block-heading\">Comparativo entre as esta\u00e7\u00f5es<\/h2>\n\n\n\n<p>Comparar as esta\u00e7\u00f5es em Porto de Galinhas ajuda a entender as melhores \u00e9pocas para visitar. Cada esta\u00e7\u00e3o tem um clima \u00fanico que afeta a experi\u00eancia do visitante. No ver\u00e3o, as temperaturas altas s\u00e3o perfeitas para curtir o sol e as praias.<\/p>\n\n\n\n<p>O outono traz temperaturas mais suaves e menos gente. \u00c9 \u00f3timo para quem gosta de p\u00f4r do sol e relaxar. O inverno \u00e9 a esta\u00e7\u00e3o mais fria, mas ainda \u00e9 agrad\u00e1vel. \u00c9 ideal para quem busca tranquilidade.<\/p>\n\n\n\n<p>A primavera traz o clima quente de volta. \u00c9 uma das melhores \u00e9pocas para visitar, com menos gente nas praias. \u00c9 perfeito para explorar a natureza e participar de eventos culturais.<\/p>\n\n\n\n<h2 class=\"wp-block-heading\">Dicas para aproveitar melhor sua visita<\/h2>\n\n\n\n<p>Visitar Porto de Galinhas \u00e9 uma experi\u00eancia \u00fanica. Comece suas jornadas nas praias da manh\u00e3. Nesse hor\u00e1rio, o sol \u00e9 suave e a areia est\u00e1 fresca. \u00c9 o momento perfeito para aproveitar a beleza e o lazer.<\/p>\n\n\n\n<p>Busque atividades que enrique\u00e7am sua viagem. Passeios de jangada, trilhas e aulas de surf s\u00e3o \u00f3timas op\u00e7\u00f5es. Planeje bem para n\u00e3o perder essas oportunidades.<\/p>\n\n\n\n<p>Verifique o tempo antes de sair. Prepare-se para mudan\u00e7as com uma capa de chuva ou protetor solar. Assim, voc\u00ea vai aproveitar cada momento sem problemas.<\/p>\n\n\n\n<p>Por fim, respeite o meio ambiente e as tradi\u00e7\u00f5es locais. Isso ajuda a preservar a natureza e a cultura de Porto de Galinhas. Um turismo sustent\u00e1vel \u00e9 essencial para a regi\u00e3o.<\/p>\n\n\n\n<h2 class=\"wp-block-heading\">Considera\u00e7\u00f5es finais sobre Porto de Galinhas<\/h2>\n\n\n\n<p>Porto de Galinhas \u00e9 mais que um destino tur\u00edstico. \u00c9 uma \u00e1rea cheia de beleza natural e cultura viva. \u00c9 essencial que cada visitante ajude a cuidar desta joia pernambucana.<\/p>\n\n\n\n<p>Respeitar os recursos naturais e as comunidades locais \u00e9 crucial. Os turistas devem adotar pr\u00e1ticas sustent\u00e1veis. Assim, a beleza de Porto de Galinhas ser\u00e1 preservada para as futuras gera\u00e7\u00f5es.<\/p>\n\n\n\n<p>Quando for planejar sua viagem, pense em turismo respons\u00e1vel. Conhe\u00e7a a cultura local, experimente a comida t\u00edpica e participe de eventos que celebram as tradi\u00e7\u00f5es da regi\u00e3o. Ao se conectar com os moradores, voc\u00ea ajuda a preservar o ambiente.<\/p>\n\n\n\n<p>Porto de Galinhas est\u00e1 pronto para voc\u00ea. Aqui, voc\u00ea encontrar\u00e1 experi\u00eancias inesquec\u00edveis. E reafirmar\u00e1 a import\u00e2ncia de cuidar deste para\u00edso.<\/p>\n","protected":false},"excerpt":{"rendered":"<p>Voc\u00ea sabia que visitar Porto de Galinhas muda muito com o tempo? Esta cidade, conhecida por suas praias e cultura, tem coisas especiais em cada \u00e9poca. Veja aqui qual \u00e9 o melhor momento para visitar Pernambuco e como o clima afeta sua viagem. Introdu\u00e7\u00e3o ao clima de Porto de Galinhas Porto de Galinhas \u00e9 uma [&hellip;]<\/p>\n","protected":false},"author":4,"featured_media":833,"comment_status":"open","ping_status":"open","sticky":false,"template":"","format":"standard","meta":{"footnotes":""},"categories":[1],"tags":[],"class_list":["post-832","post","type-post","status-publish","format-standard","has-post-thumbnail","hentry","category-uncategorized"],"yoast_head":"<!-- This site is optimized with the Yoast SEO plugin v26.5 - https:\/\/yoast.com\/wordpress\/plugins\/seo\/ -->\n<title>Melhor \u00e9poca do ano para visitar Porto de Galinhas<\/title>\n<meta name=\"description\" content=\"Descubra a melhor \u00e9poca para visitar Porto de Galinhas, considerando clima agrad\u00e1vel e eventos culturais. Planeje sua viagem ideal!\" \/>\n<meta name=\"robots\" content=\"index, follow, max-snippet:-1, max-image-preview:large, max-video-preview:-1\" \/>\n<link rel=\"canonical\" href=\"https:\/\/alfacaps.com.br\/index.php\/2025\/09\/17\/melhor-epoca-do-ano-para-visitar-porto-de-galinhas-clima-e-eventos\/\" \/>\n<meta property=\"og:locale\" content=\"pt_BR\" \/>\n<meta property=\"og:type\" content=\"article\" \/>\n<meta property=\"og:title\" content=\"Melhor \u00e9poca do ano para visitar Porto de Galinhas\" \/>\n<meta property=\"og:description\" content=\"Descubra a melhor \u00e9poca para visitar Porto de Galinhas, considerando clima agrad\u00e1vel e eventos culturais. Planeje sua viagem ideal!\" \/>\n<meta property=\"og:url\" content=\"https:\/\/alfacaps.com.br\/index.php\/2025\/09\/17\/melhor-epoca-do-ano-para-visitar-porto-de-galinhas-clima-e-eventos\/\" \/>\n<meta property=\"og:site_name\" content=\"alfacaps.com.br\" \/>\n<meta property=\"article:published_time\" content=\"2025-09-17T18:17:18+00:00\" \/>\n<meta property=\"article:modified_time\" content=\"2025-09-17T18:17:19+00:00\" \/>\n<meta property=\"og:image\" content=\"https:\/\/alfacaps.com.br\/wp-content\/uploads\/2025\/09\/porto-galinhas.jpg\" \/>\n\t<meta property=\"og:image:width\" content=\"1280\" \/>\n\t<meta property=\"og:image:height\" content=\"959\" \/>\n\t<meta property=\"og:image:type\" content=\"image\/jpeg\" \/>\n<meta name=\"author\" content=\"Rodrigo Macedo\" \/>\n<meta name=\"twitter:card\" content=\"summary_large_image\" \/>\n<meta name=\"twitter:label1\" content=\"Escrito por\" \/>\n\t<meta name=\"twitter:data1\" content=\"Rodrigo Macedo\" \/>\n\t<meta name=\"twitter:label2\" content=\"Est. tempo de leitura\" \/>\n\t<meta name=\"twitter:data2\" content=\"8 minutos\" \/>\n<script type=\"application\/ld+json\" class=\"yoast-schema-graph\">{\"@context\":\"https:\/\/schema.org\",\"@graph\":[{\"@type\":\"WebPage\",\"@id\":\"https:\/\/alfacaps.com.br\/index.php\/2025\/09\/17\/melhor-epoca-do-ano-para-visitar-porto-de-galinhas-clima-e-eventos\/\",\"url\":\"https:\/\/alfacaps.com.br\/index.php\/2025\/09\/17\/melhor-epoca-do-ano-para-visitar-porto-de-galinhas-clima-e-eventos\/\",\"name\":\"Melhor \u00e9poca do ano para visitar Porto de Galinhas\",\"isPartOf\":{\"@id\":\"https:\/\/alfacaps.com.br\/#website\"},\"primaryImageOfPage\":{\"@id\":\"https:\/\/alfacaps.com.br\/index.php\/2025\/09\/17\/melhor-epoca-do-ano-para-visitar-porto-de-galinhas-clima-e-eventos\/#primaryimage\"},\"image\":{\"@id\":\"https:\/\/alfacaps.com.br\/index.php\/2025\/09\/17\/melhor-epoca-do-ano-para-visitar-porto-de-galinhas-clima-e-eventos\/#primaryimage\"},\"thumbnailUrl\":\"https:\/\/alfacaps.com.br\/wp-content\/uploads\/2025\/09\/porto-galinhas.jpg\",\"datePublished\":\"2025-09-17T18:17:18+00:00\",\"dateModified\":\"2025-09-17T18:17:19+00:00\",\"author\":{\"@id\":\"https:\/\/alfacaps.com.br\/#\/schema\/person\/915d2b7960a98b9ed508144e203ea7a2\"},\"description\":\"Descubra a melhor \u00e9poca para visitar Porto de Galinhas, considerando clima agrad\u00e1vel e eventos culturais. Planeje sua viagem ideal!\",\"breadcrumb\":{\"@id\":\"https:\/\/alfacaps.com.br\/index.php\/2025\/09\/17\/melhor-epoca-do-ano-para-visitar-porto-de-galinhas-clima-e-eventos\/#breadcrumb\"},\"inLanguage\":\"pt-BR\",\"potentialAction\":[{\"@type\":\"ReadAction\",\"target\":[\"https:\/\/alfacaps.com.br\/index.php\/2025\/09\/17\/melhor-epoca-do-ano-para-visitar-porto-de-galinhas-clima-e-eventos\/\"]}]},{\"@type\":\"ImageObject\",\"inLanguage\":\"pt-BR\",\"@id\":\"https:\/\/alfacaps.com.br\/index.php\/2025\/09\/17\/melhor-epoca-do-ano-para-visitar-porto-de-galinhas-clima-e-eventos\/#primaryimage\",\"url\":\"https:\/\/alfacaps.com.br\/wp-content\/uploads\/2025\/09\/porto-galinhas.jpg\",\"contentUrl\":\"https:\/\/alfacaps.com.br\/wp-content\/uploads\/2025\/09\/porto-galinhas.jpg\",\"width\":1280,\"height\":959},{\"@type\":\"BreadcrumbList\",\"@id\":\"https:\/\/alfacaps.com.br\/index.php\/2025\/09\/17\/melhor-epoca-do-ano-para-visitar-porto-de-galinhas-clima-e-eventos\/#breadcrumb\",\"itemListElement\":[{\"@type\":\"ListItem\",\"position\":1,\"name\":\"In\u00edcio\",\"item\":\"https:\/\/alfacaps.com.br\/\"},{\"@type\":\"ListItem\",\"position\":2,\"name\":\"Melhor \u00e9poca do ano para visitar Porto de Galinhas: clima e eventos\"}]},{\"@type\":\"WebSite\",\"@id\":\"https:\/\/alfacaps.com.br\/#website\",\"url\":\"https:\/\/alfacaps.com.br\/\",\"name\":\"alfacaps.com.br\",\"description\":\"Portal de Artigos\",\"potentialAction\":[{\"@type\":\"SearchAction\",\"target\":{\"@type\":\"EntryPoint\",\"urlTemplate\":\"https:\/\/alfacaps.com.br\/?s={search_term_string}\"},\"query-input\":{\"@type\":\"PropertyValueSpecification\",\"valueRequired\":true,\"valueName\":\"search_term_string\"}}],\"inLanguage\":\"pt-BR\"},{\"@type\":\"Person\",\"@id\":\"https:\/\/alfacaps.com.br\/#\/schema\/person\/915d2b7960a98b9ed508144e203ea7a2\",\"name\":\"Rodrigo Macedo\",\"image\":{\"@type\":\"ImageObject\",\"inLanguage\":\"pt-BR\",\"@id\":\"https:\/\/alfacaps.com.br\/#\/schema\/person\/image\/\",\"url\":\"https:\/\/secure.gravatar.com\/avatar\/d5ab5e150b2d0fc7fbdac000cb56eb43a2c494cfb8f7cc99bf88cf4a162169a3?s=96&d=mm&r=g\",\"contentUrl\":\"https:\/\/secure.gravatar.com\/avatar\/d5ab5e150b2d0fc7fbdac000cb56eb43a2c494cfb8f7cc99bf88cf4a162169a3?s=96&d=mm&r=g\",\"caption\":\"Rodrigo Macedo\"},\"url\":\"https:\/\/alfacaps.com.br\/index.php\/author\/rodrigo-macedo\/\"}]}<\/script>\n<!-- \/ Yoast SEO plugin. -->","yoast_head_json":{"title":"Melhor \u00e9poca do ano para visitar Porto de Galinhas","description":"Descubra a melhor \u00e9poca para visitar Porto de Galinhas, considerando clima agrad\u00e1vel e eventos culturais. Planeje sua viagem ideal!","robots":{"index":"index","follow":"follow","max-snippet":"max-snippet:-1","max-image-preview":"max-image-preview:large","max-video-preview":"max-video-preview:-1"},"canonical":"https:\/\/alfacaps.com.br\/index.php\/2025\/09\/17\/melhor-epoca-do-ano-para-visitar-porto-de-galinhas-clima-e-eventos\/","og_locale":"pt_BR","og_type":"article","og_title":"Melhor \u00e9poca do ano para visitar Porto de Galinhas","og_description":"Descubra a melhor \u00e9poca para visitar Porto de Galinhas, considerando clima agrad\u00e1vel e eventos culturais. Planeje sua viagem ideal!","og_url":"https:\/\/alfacaps.com.br\/index.php\/2025\/09\/17\/melhor-epoca-do-ano-para-visitar-porto-de-galinhas-clima-e-eventos\/","og_site_name":"alfacaps.com.br","article_published_time":"2025-09-17T18:17:18+00:00","article_modified_time":"2025-09-17T18:17:19+00:00","og_image":[{"width":1280,"height":959,"url":"https:\/\/alfacaps.com.br\/wp-content\/uploads\/2025\/09\/porto-galinhas.jpg","type":"image\/jpeg"}],"author":"Rodrigo Macedo","twitter_card":"summary_large_image","twitter_misc":{"Escrito por":"Rodrigo Macedo","Est. tempo de leitura":"8 minutos"},"schema":{"@context":"https:\/\/schema.org","@graph":[{"@type":"WebPage","@id":"https:\/\/alfacaps.com.br\/index.php\/2025\/09\/17\/melhor-epoca-do-ano-para-visitar-porto-de-galinhas-clima-e-eventos\/","url":"https:\/\/alfacaps.com.br\/index.php\/2025\/09\/17\/melhor-epoca-do-ano-para-visitar-porto-de-galinhas-clima-e-eventos\/","name":"Melhor \u00e9poca do ano para visitar Porto de Galinhas","isPartOf":{"@id":"https:\/\/alfacaps.com.br\/#website"},"primaryImageOfPage":{"@id":"https:\/\/alfacaps.com.br\/index.php\/2025\/09\/17\/melhor-epoca-do-ano-para-visitar-porto-de-galinhas-clima-e-eventos\/#primaryimage"},"image":{"@id":"https:\/\/alfacaps.com.br\/index.php\/2025\/09\/17\/melhor-epoca-do-ano-para-visitar-porto-de-galinhas-clima-e-eventos\/#primaryimage"},"thumbnailUrl":"https:\/\/alfacaps.com.br\/wp-content\/uploads\/2025\/09\/porto-galinhas.jpg","datePublished":"2025-09-17T18:17:18+00:00","dateModified":"2025-09-17T18:17:19+00:00","author":{"@id":"https:\/\/alfacaps.com.br\/#\/schema\/person\/915d2b7960a98b9ed508144e203ea7a2"},"description":"Descubra a melhor \u00e9poca para visitar Porto de Galinhas, considerando clima agrad\u00e1vel e eventos culturais. Planeje sua viagem ideal!","breadcrumb":{"@id":"https:\/\/alfacaps.com.br\/index.php\/2025\/09\/17\/melhor-epoca-do-ano-para-visitar-porto-de-galinhas-clima-e-eventos\/#breadcrumb"},"inLanguage":"pt-BR","potentialAction":[{"@type":"ReadAction","target":["https:\/\/alfacaps.com.br\/index.php\/2025\/09\/17\/melhor-epoca-do-ano-para-visitar-porto-de-galinhas-clima-e-eventos\/"]}]},{"@type":"ImageObject","inLanguage":"pt-BR","@id":"https:\/\/alfacaps.com.br\/index.php\/2025\/09\/17\/melhor-epoca-do-ano-para-visitar-porto-de-galinhas-clima-e-eventos\/#primaryimage","url":"https:\/\/alfacaps.com.br\/wp-content\/uploads\/2025\/09\/porto-galinhas.jpg","contentUrl":"https:\/\/alfacaps.com.br\/wp-content\/uploads\/2025\/09\/porto-galinhas.jpg","width":1280,"height":959},{"@type":"BreadcrumbList","@id":"https:\/\/alfacaps.com.br\/index.php\/2025\/09\/17\/melhor-epoca-do-ano-para-visitar-porto-de-galinhas-clima-e-eventos\/#breadcrumb","itemListElement":[{"@type":"ListItem","position":1,"name":"In\u00edcio","item":"https:\/\/alfacaps.com.br\/"},{"@type":"ListItem","position":2,"name":"Melhor \u00e9poca do ano para visitar Porto de Galinhas: clima e eventos"}]},{"@type":"WebSite","@id":"https:\/\/alfacaps.com.br\/#website","url":"https:\/\/alfacaps.com.br\/","name":"alfacaps.com.br","description":"Portal de Artigos","potentialAction":[{"@type":"SearchAction","target":{"@type":"EntryPoint","urlTemplate":"https:\/\/alfacaps.com.br\/?s={search_term_string}"},"query-input":{"@type":"PropertyValueSpecification","valueRequired":true,"valueName":"search_term_string"}}],"inLanguage":"pt-BR"},{"@type":"Person","@id":"https:\/\/alfacaps.com.br\/#\/schema\/person\/915d2b7960a98b9ed508144e203ea7a2","name":"Rodrigo Macedo","image":{"@type":"ImageObject","inLanguage":"pt-BR","@id":"https:\/\/alfacaps.com.br\/#\/schema\/person\/image\/","url":"https:\/\/secure.gravatar.com\/avatar\/d5ab5e150b2d0fc7fbdac000cb56eb43a2c494cfb8f7cc99bf88cf4a162169a3?s=96&d=mm&r=g","contentUrl":"https:\/\/secure.gravatar.com\/avatar\/d5ab5e150b2d0fc7fbdac000cb56eb43a2c494cfb8f7cc99bf88cf4a162169a3?s=96&d=mm&r=g","caption":"Rodrigo Macedo"},"url":"https:\/\/alfacaps.com.br\/index.php\/author\/rodrigo-macedo\/"}]}},"_links":{"self":[{"href":"https:\/\/alfacaps.com.br\/index.php\/wp-json\/wp\/v2\/posts\/832","targetHints":{"allow":["GET"]}}],"collection":[{"href":"https:\/\/alfacaps.com.br\/index.php\/wp-json\/wp\/v2\/posts"}],"about":[{"href":"https:\/\/alfacaps.com.br\/index.php\/wp-json\/wp\/v2\/types\/post"}],"author":[{"embeddable":true,"href":"https:\/\/alfacaps.com.br\/index.php\/wp-json\/wp\/v2\/users\/4"}],"replies":[{"embeddable":true,"href":"https:\/\/alfacaps.com.br\/index.php\/wp-json\/wp\/v2\/comments?post=832"}],"version-history":[{"count":1,"href":"https:\/\/alfacaps.com.br\/index.php\/wp-json\/wp\/v2\/posts\/832\/revisions"}],"predecessor-version":[{"id":835,"href":"https:\/\/alfacaps.com.br\/index.php\/wp-json\/wp\/v2\/posts\/832\/revisions\/835"}],"wp:featuredmedia":[{"embeddable":true,"href":"https:\/\/alfacaps.com.br\/index.php\/wp-json\/wp\/v2\/media\/833"}],"wp:attachment":[{"href":"https:\/\/alfacaps.com.br\/index.php\/wp-json\/wp\/v2\/media?parent=832"}],"wp:term":[{"taxonomy":"category","embeddable":true,"href":"https:\/\/alfacaps.com.br\/index.php\/wp-json\/wp\/v2\/categories?post=832"},{"taxonomy":"post_tag","embeddable":true,"href":"https:\/\/alfacaps.com.br\/index.php\/wp-json\/wp\/v2\/tags?post=832"}],"curies":[{"name":"wp","href":"https:\/\/api.w.org\/{rel}","templated":true}]}}