{"id":69,"date":"2023-08-31T19:17:34","date_gmt":"2023-08-31T19:17:34","guid":{"rendered":"https:\/\/alfacaps.com.br\/?p=69"},"modified":"2023-08-31T19:17:36","modified_gmt":"2023-08-31T19:17:36","slug":"como-nosso-estilo-pessoal-se-expressa-por-meio-da-moda","status":"publish","type":"post","link":"https:\/\/alfacaps.com.br\/index.php\/2023\/08\/31\/como-nosso-estilo-pessoal-se-expressa-por-meio-da-moda\/","title":{"rendered":"Como nosso estilo pessoal se expressa por meio da moda"},"content":{"rendered":"\n<p>A moda tamb\u00e9m \u00e9 uma forma de expressar sua opini\u00e3o e mostrar sua personalidade<\/p>\n\n\n\n<p>As roupas tamb\u00e9m falam. Pode ser estranho ler isso, mas fique tranquilo, voc\u00ea n\u00e3o vai ter um di\u00e1logo com as pe\u00e7as que tem em casa, no entanto, sempre que escolhe algo para vestir est\u00e1 transmitindo uma mensagem.<\/p>\n\n\n\n<p>Talvez voc\u00ea tenha dificuldade com as palavras, seja uma pessoa mais t\u00edmida, mas, devido \u00e0s roupas que usa em seu dia a dia, passa a imagem de algu\u00e9m seguro e decidido. Sim, o seu <a href=\"https:\/\/alfacaps.com.br\/index.php\/category\/estilo\/\">estilo pessoal<\/a> fala muito sobre voc\u00ea e \u00e9 o seu cart\u00e3o de visitas.<\/p>\n\n\n\n<h2 class=\"wp-block-heading\"><a><\/a>Estiloso nem sempre \u00e9 luxuoso<\/h2>\n\n\n\n<p>Engana-se quem pensa que \u00e9 preciso investir em marcas de luxo para se vestir bem e transmitir uma mensagem positiva. Mesmo em um estilo b\u00e1sico, com roupas do dia a dia e uma <a href=\"https:\/\/www.americanas.com.br\/busca\/botas-femininas-cano-curto\">bota de cano curto<\/a> nos p\u00e9s, voc\u00ea pode ficar estilosa. A quest\u00e3o est\u00e1 em saber combinar e quando usar.<\/p>\n\n\n\n<p>A ideia \u00e9 bastante simples, por exemplo, uma roupa mais justa nem sempre \u00e9 bem-vinda em todos os ambientes, por\u00e9m, uma pessoa que se encaixa no estilo sexy consegue ficar elegante ao investir em um decote ou jogar uma camisa por cima de um cropped.<\/p>\n\n\n\n<p>Inclusive, voc\u00ea pode ficar estiloso em roupas esportivas, para uma ida \u00e0 academia ou para a pr\u00e1tica de esportes e at\u00e9 no pijama escolhido para aquela maratona de filmes. Seguindo a mesma ideia, h\u00e1 casos de pe\u00e7as luxuosas que assustam e n\u00e3o aparentam nem um pouco de estilo.<\/p>\n\n\n\n<p>O que isso quer dizer? Que para se expressar atrav\u00e9s da moda voc\u00ea n\u00e3o precisa gastar muito ou investir apenas no que est\u00e1 em alta. Basta respeitar o seu gosto pessoal, seu biotipo e aquilo que faz voc\u00ea se sentir bem.<\/p>\n\n\n\n<h2 class=\"wp-block-heading\"><a><\/a>O que voc\u00ea comunica por meio das roupas<\/h2>\n\n\n\n<p>Seja intencionalmente ou n\u00e3o, voc\u00ea est\u00e1 passando uma mensagem com suas roupas. A escolha de uma pe\u00e7a larga demais pode passar a impress\u00e3o de desleixo, assim como muita informa\u00e7\u00e3o nas roupas transmite uma necessidade de se destacar.<\/p>\n\n\n\n<p>Quem quer passar despercebido pode optar por roupas nas cores neutras, como preto e branco, enquanto algu\u00e9m de estilo rom\u00e2ntico vai gostar de vestidos rodados e cores como vermelho ou rosa.<\/p>\n\n\n\n<p>Agora, se a pessoa for roqueira ou tiver um toque do estilo dram\u00e1tico urbano, pode ter certeza que o couro e as roupas de tons mais escuros v\u00e3o estar presentes em seu dia a dia.<\/p>\n\n\n\n<p>Em resumo, sua vestimenta comunica quem voc\u00ea \u00e9, o que voc\u00ea gosta e at\u00e9 sua forma de lidar com determinadas situa\u00e7\u00f5es. Uma pessoa mais fechada provavelmente vai optar por cores neutras e roupas que transmitam essa seriedade. Agora, se voc\u00ea \u00e9 soci\u00e1vel, talvez invista nas pe\u00e7as com estampas e que transmitem aquele convite de \u201cfale comigo\u201d.<\/p>\n\n\n\n<h2 class=\"wp-block-heading\"><a><\/a>Como entender o seu estilo<\/h2>\n\n\n\n<p>Um erro cl\u00e1ssico ao escolher roupas \u00e9 n\u00e3o entender o pr\u00f3prio estilo. Se voc\u00ea n\u00e3o entende o que gosta, acaba se deixando levar por modismos e nem sempre se sente confort\u00e1vel com as pe\u00e7as que usa.<\/p>\n\n\n\n<p>O primeiro passo antes de sair \u00e0s compras \u00e9 conhecer os sete estilos universais e entender onde voc\u00ea se encaixa. Eles s\u00e3o: esportivo\/natural, tradicional, rom\u00e2ntico, criativo, elegante, dram\u00e1tico, urbano e sexy.<\/p>\n\n\n\n<p>N\u00e3o \u00e9 preciso se encaixar em apenas um, h\u00e1 casos em que voc\u00ea converge num misto de dois ou tr\u00eas deles, mas \u00e9 indispens\u00e1vel conhec\u00ea-los. Vale comentar que dentre os sete estilos, o esportivo\/natural, o tradicional e o elegante s\u00e3o considerados predominantes, enquanto rom\u00e2ntico, dram\u00e1tico urbano, sexy e criativo s\u00e3o secund\u00e1rios.<\/p>\n\n\n\n<p>Por exemplo, se voc\u00ea gosta de legging, moletom, camisetas mais largas e tudo que tenha conforto em primeiro lugar, seu estilo \u00e9 predominantemente esportivo\/natural, mas se essas pe\u00e7as t\u00eam estampas florais e cores delicadas, voc\u00ea tamb\u00e9m \u00e9 rom\u00e2ntica.<\/p>\n\n\n\n<p>Para entender seu estilo, analise seu guarda-roupa com carinho e observe quais pe\u00e7as s\u00e3o as mais usadas. Compare com os sete estilos universais e perceba onde voc\u00ea se encaixa. A partir disso, \u00e9 s\u00f3 fazer adapta\u00e7\u00f5es conforme a ocasi\u00e3o e voc\u00ea perceber\u00e1 que fica muito mais f\u00e1cil se expressar.<\/p>\n","protected":false},"excerpt":{"rendered":"<p>A moda tamb\u00e9m \u00e9 uma forma de expressar sua opini\u00e3o e mostrar sua personalidade As roupas tamb\u00e9m falam. Pode ser estranho ler isso, mas fique tranquilo, voc\u00ea n\u00e3o vai ter um di\u00e1logo com as pe\u00e7as que tem em casa, no entanto, sempre que escolhe algo para vestir est\u00e1 transmitindo uma mensagem. Talvez voc\u00ea tenha dificuldade [&hellip;]<\/p>\n","protected":false},"author":2,"featured_media":70,"comment_status":"open","ping_status":"open","sticky":false,"template":"","format":"standard","meta":{"footnotes":""},"categories":[11],"tags":[],"class_list":["post-69","post","type-post","status-publish","format-standard","has-post-thumbnail","hentry","category-estilo"],"yoast_head":"<!-- This site is optimized with the Yoast SEO plugin v26.5 - https:\/\/yoast.com\/wordpress\/plugins\/seo\/ -->\n<title>Como nosso estilo pessoal se expressa por meio da moda - alfacaps.com.br<\/title>\n<meta name=\"description\" content=\"A moda tamb\u00e9m \u00e9 uma forma de expressar sua opini\u00e3o e mostrar sua personalidade. Acesse e saiba como se expressar atrav\u00e9s da moda.\" \/>\n<meta name=\"robots\" content=\"index, follow, max-snippet:-1, max-image-preview:large, max-video-preview:-1\" \/>\n<link rel=\"canonical\" href=\"https:\/\/alfacaps.com.br\/index.php\/2023\/08\/31\/como-nosso-estilo-pessoal-se-expressa-por-meio-da-moda\/\" \/>\n<meta property=\"og:locale\" content=\"pt_BR\" \/>\n<meta property=\"og:type\" content=\"article\" \/>\n<meta property=\"og:title\" content=\"Como nosso estilo pessoal se expressa por meio da moda - alfacaps.com.br\" \/>\n<meta property=\"og:description\" content=\"A moda tamb\u00e9m \u00e9 uma forma de expressar sua opini\u00e3o e mostrar sua personalidade. Acesse e saiba como se expressar atrav\u00e9s da moda.\" \/>\n<meta property=\"og:url\" content=\"https:\/\/alfacaps.com.br\/index.php\/2023\/08\/31\/como-nosso-estilo-pessoal-se-expressa-por-meio-da-moda\/\" \/>\n<meta property=\"og:site_name\" content=\"alfacaps.com.br\" \/>\n<meta property=\"article:published_time\" content=\"2023-08-31T19:17:34+00:00\" \/>\n<meta property=\"article:modified_time\" content=\"2023-08-31T19:17:36+00:00\" \/>\n<meta property=\"og:image\" content=\"https:\/\/alfacaps.com.br\/wp-content\/uploads\/2023\/08\/Copia-de-A-imagens-portais-comunicabc-1920-\u00d7-1080-px-90.jpg\" \/>\n\t<meta property=\"og:image:width\" content=\"1920\" \/>\n\t<meta property=\"og:image:height\" content=\"1080\" \/>\n\t<meta property=\"og:image:type\" content=\"image\/jpeg\" \/>\n<meta name=\"author\" content=\"Beatriz Gomes\" \/>\n<meta name=\"twitter:card\" content=\"summary_large_image\" \/>\n<meta name=\"twitter:label1\" content=\"Escrito por\" \/>\n\t<meta name=\"twitter:data1\" content=\"Beatriz Gomes\" \/>\n\t<meta name=\"twitter:label2\" content=\"Est. tempo de leitura\" \/>\n\t<meta name=\"twitter:data2\" content=\"4 minutos\" \/>\n<script type=\"application\/ld+json\" class=\"yoast-schema-graph\">{\"@context\":\"https:\/\/schema.org\",\"@graph\":[{\"@type\":\"WebPage\",\"@id\":\"https:\/\/alfacaps.com.br\/index.php\/2023\/08\/31\/como-nosso-estilo-pessoal-se-expressa-por-meio-da-moda\/\",\"url\":\"https:\/\/alfacaps.com.br\/index.php\/2023\/08\/31\/como-nosso-estilo-pessoal-se-expressa-por-meio-da-moda\/\",\"name\":\"Como nosso estilo pessoal se expressa por meio da moda - alfacaps.com.br\",\"isPartOf\":{\"@id\":\"https:\/\/alfacaps.com.br\/#website\"},\"primaryImageOfPage\":{\"@id\":\"https:\/\/alfacaps.com.br\/index.php\/2023\/08\/31\/como-nosso-estilo-pessoal-se-expressa-por-meio-da-moda\/#primaryimage\"},\"image\":{\"@id\":\"https:\/\/alfacaps.com.br\/index.php\/2023\/08\/31\/como-nosso-estilo-pessoal-se-expressa-por-meio-da-moda\/#primaryimage\"},\"thumbnailUrl\":\"https:\/\/alfacaps.com.br\/wp-content\/uploads\/2023\/08\/Copia-de-A-imagens-portais-comunicabc-1920-\u00d7-1080-px-90.jpg\",\"datePublished\":\"2023-08-31T19:17:34+00:00\",\"dateModified\":\"2023-08-31T19:17:36+00:00\",\"author\":{\"@id\":\"https:\/\/alfacaps.com.br\/#\/schema\/person\/bb1cb91a51d674b8b99496595f55287a\"},\"description\":\"A moda tamb\u00e9m \u00e9 uma forma de expressar sua opini\u00e3o e mostrar sua personalidade. Acesse e saiba como se expressar atrav\u00e9s da moda.\",\"breadcrumb\":{\"@id\":\"https:\/\/alfacaps.com.br\/index.php\/2023\/08\/31\/como-nosso-estilo-pessoal-se-expressa-por-meio-da-moda\/#breadcrumb\"},\"inLanguage\":\"pt-BR\",\"potentialAction\":[{\"@type\":\"ReadAction\",\"target\":[\"https:\/\/alfacaps.com.br\/index.php\/2023\/08\/31\/como-nosso-estilo-pessoal-se-expressa-por-meio-da-moda\/\"]}]},{\"@type\":\"ImageObject\",\"inLanguage\":\"pt-BR\",\"@id\":\"https:\/\/alfacaps.com.br\/index.php\/2023\/08\/31\/como-nosso-estilo-pessoal-se-expressa-por-meio-da-moda\/#primaryimage\",\"url\":\"https:\/\/alfacaps.com.br\/wp-content\/uploads\/2023\/08\/Copia-de-A-imagens-portais-comunicabc-1920-\u00d7-1080-px-90.jpg\",\"contentUrl\":\"https:\/\/alfacaps.com.br\/wp-content\/uploads\/2023\/08\/Copia-de-A-imagens-portais-comunicabc-1920-\u00d7-1080-px-90.jpg\",\"width\":1920,\"height\":1080,\"caption\":\"moda feminina\"},{\"@type\":\"BreadcrumbList\",\"@id\":\"https:\/\/alfacaps.com.br\/index.php\/2023\/08\/31\/como-nosso-estilo-pessoal-se-expressa-por-meio-da-moda\/#breadcrumb\",\"itemListElement\":[{\"@type\":\"ListItem\",\"position\":1,\"name\":\"In\u00edcio\",\"item\":\"https:\/\/alfacaps.com.br\/\"},{\"@type\":\"ListItem\",\"position\":2,\"name\":\"Como nosso estilo pessoal se expressa por meio da moda\"}]},{\"@type\":\"WebSite\",\"@id\":\"https:\/\/alfacaps.com.br\/#website\",\"url\":\"https:\/\/alfacaps.com.br\/\",\"name\":\"alfacaps.com.br\",\"description\":\"Portal de Artigos\",\"potentialAction\":[{\"@type\":\"SearchAction\",\"target\":{\"@type\":\"EntryPoint\",\"urlTemplate\":\"https:\/\/alfacaps.com.br\/?s={search_term_string}\"},\"query-input\":{\"@type\":\"PropertyValueSpecification\",\"valueRequired\":true,\"valueName\":\"search_term_string\"}}],\"inLanguage\":\"pt-BR\"},{\"@type\":\"Person\",\"@id\":\"https:\/\/alfacaps.com.br\/#\/schema\/person\/bb1cb91a51d674b8b99496595f55287a\",\"name\":\"Beatriz Gomes\",\"image\":{\"@type\":\"ImageObject\",\"inLanguage\":\"pt-BR\",\"@id\":\"https:\/\/alfacaps.com.br\/#\/schema\/person\/image\/\",\"url\":\"https:\/\/secure.gravatar.com\/avatar\/c530a4d9238a40e830697c21dc37fdadeb8f81e4cf1cce1e7f447ca78bdb499b?s=96&d=mm&r=g\",\"contentUrl\":\"https:\/\/secure.gravatar.com\/avatar\/c530a4d9238a40e830697c21dc37fdadeb8f81e4cf1cce1e7f447ca78bdb499b?s=96&d=mm&r=g\",\"caption\":\"Beatriz Gomes\"},\"url\":\"https:\/\/alfacaps.com.br\/index.php\/author\/beatriz-gomes\/\"}]}<\/script>\n<!-- \/ Yoast SEO plugin. -->","yoast_head_json":{"title":"Como nosso estilo pessoal se expressa por meio da moda - alfacaps.com.br","description":"A moda tamb\u00e9m \u00e9 uma forma de expressar sua opini\u00e3o e mostrar sua personalidade. Acesse e saiba como se expressar atrav\u00e9s da moda.","robots":{"index":"index","follow":"follow","max-snippet":"max-snippet:-1","max-image-preview":"max-image-preview:large","max-video-preview":"max-video-preview:-1"},"canonical":"https:\/\/alfacaps.com.br\/index.php\/2023\/08\/31\/como-nosso-estilo-pessoal-se-expressa-por-meio-da-moda\/","og_locale":"pt_BR","og_type":"article","og_title":"Como nosso estilo pessoal se expressa por meio da moda - alfacaps.com.br","og_description":"A moda tamb\u00e9m \u00e9 uma forma de expressar sua opini\u00e3o e mostrar sua personalidade. Acesse e saiba como se expressar atrav\u00e9s da moda.","og_url":"https:\/\/alfacaps.com.br\/index.php\/2023\/08\/31\/como-nosso-estilo-pessoal-se-expressa-por-meio-da-moda\/","og_site_name":"alfacaps.com.br","article_published_time":"2023-08-31T19:17:34+00:00","article_modified_time":"2023-08-31T19:17:36+00:00","og_image":[{"width":1920,"height":1080,"url":"https:\/\/alfacaps.com.br\/wp-content\/uploads\/2023\/08\/Copia-de-A-imagens-portais-comunicabc-1920-\u00d7-1080-px-90.jpg","type":"image\/jpeg"}],"author":"Beatriz Gomes","twitter_card":"summary_large_image","twitter_misc":{"Escrito por":"Beatriz Gomes","Est. tempo de leitura":"4 minutos"},"schema":{"@context":"https:\/\/schema.org","@graph":[{"@type":"WebPage","@id":"https:\/\/alfacaps.com.br\/index.php\/2023\/08\/31\/como-nosso-estilo-pessoal-se-expressa-por-meio-da-moda\/","url":"https:\/\/alfacaps.com.br\/index.php\/2023\/08\/31\/como-nosso-estilo-pessoal-se-expressa-por-meio-da-moda\/","name":"Como nosso estilo pessoal se expressa por meio da moda - alfacaps.com.br","isPartOf":{"@id":"https:\/\/alfacaps.com.br\/#website"},"primaryImageOfPage":{"@id":"https:\/\/alfacaps.com.br\/index.php\/2023\/08\/31\/como-nosso-estilo-pessoal-se-expressa-por-meio-da-moda\/#primaryimage"},"image":{"@id":"https:\/\/alfacaps.com.br\/index.php\/2023\/08\/31\/como-nosso-estilo-pessoal-se-expressa-por-meio-da-moda\/#primaryimage"},"thumbnailUrl":"https:\/\/alfacaps.com.br\/wp-content\/uploads\/2023\/08\/Copia-de-A-imagens-portais-comunicabc-1920-\u00d7-1080-px-90.jpg","datePublished":"2023-08-31T19:17:34+00:00","dateModified":"2023-08-31T19:17:36+00:00","author":{"@id":"https:\/\/alfacaps.com.br\/#\/schema\/person\/bb1cb91a51d674b8b99496595f55287a"},"description":"A moda tamb\u00e9m \u00e9 uma forma de expressar sua opini\u00e3o e mostrar sua personalidade. Acesse e saiba como se expressar atrav\u00e9s da moda.","breadcrumb":{"@id":"https:\/\/alfacaps.com.br\/index.php\/2023\/08\/31\/como-nosso-estilo-pessoal-se-expressa-por-meio-da-moda\/#breadcrumb"},"inLanguage":"pt-BR","potentialAction":[{"@type":"ReadAction","target":["https:\/\/alfacaps.com.br\/index.php\/2023\/08\/31\/como-nosso-estilo-pessoal-se-expressa-por-meio-da-moda\/"]}]},{"@type":"ImageObject","inLanguage":"pt-BR","@id":"https:\/\/alfacaps.com.br\/index.php\/2023\/08\/31\/como-nosso-estilo-pessoal-se-expressa-por-meio-da-moda\/#primaryimage","url":"https:\/\/alfacaps.com.br\/wp-content\/uploads\/2023\/08\/Copia-de-A-imagens-portais-comunicabc-1920-\u00d7-1080-px-90.jpg","contentUrl":"https:\/\/alfacaps.com.br\/wp-content\/uploads\/2023\/08\/Copia-de-A-imagens-portais-comunicabc-1920-\u00d7-1080-px-90.jpg","width":1920,"height":1080,"caption":"moda feminina"},{"@type":"BreadcrumbList","@id":"https:\/\/alfacaps.com.br\/index.php\/2023\/08\/31\/como-nosso-estilo-pessoal-se-expressa-por-meio-da-moda\/#breadcrumb","itemListElement":[{"@type":"ListItem","position":1,"name":"In\u00edcio","item":"https:\/\/alfacaps.com.br\/"},{"@type":"ListItem","position":2,"name":"Como nosso estilo pessoal se expressa por meio da moda"}]},{"@type":"WebSite","@id":"https:\/\/alfacaps.com.br\/#website","url":"https:\/\/alfacaps.com.br\/","name":"alfacaps.com.br","description":"Portal de Artigos","potentialAction":[{"@type":"SearchAction","target":{"@type":"EntryPoint","urlTemplate":"https:\/\/alfacaps.com.br\/?s={search_term_string}"},"query-input":{"@type":"PropertyValueSpecification","valueRequired":true,"valueName":"search_term_string"}}],"inLanguage":"pt-BR"},{"@type":"Person","@id":"https:\/\/alfacaps.com.br\/#\/schema\/person\/bb1cb91a51d674b8b99496595f55287a","name":"Beatriz Gomes","image":{"@type":"ImageObject","inLanguage":"pt-BR","@id":"https:\/\/alfacaps.com.br\/#\/schema\/person\/image\/","url":"https:\/\/secure.gravatar.com\/avatar\/c530a4d9238a40e830697c21dc37fdadeb8f81e4cf1cce1e7f447ca78bdb499b?s=96&d=mm&r=g","contentUrl":"https:\/\/secure.gravatar.com\/avatar\/c530a4d9238a40e830697c21dc37fdadeb8f81e4cf1cce1e7f447ca78bdb499b?s=96&d=mm&r=g","caption":"Beatriz Gomes"},"url":"https:\/\/alfacaps.com.br\/index.php\/author\/beatriz-gomes\/"}]}},"_links":{"self":[{"href":"https:\/\/alfacaps.com.br\/index.php\/wp-json\/wp\/v2\/posts\/69","targetHints":{"allow":["GET"]}}],"collection":[{"href":"https:\/\/alfacaps.com.br\/index.php\/wp-json\/wp\/v2\/posts"}],"about":[{"href":"https:\/\/alfacaps.com.br\/index.php\/wp-json\/wp\/v2\/types\/post"}],"author":[{"embeddable":true,"href":"https:\/\/alfacaps.com.br\/index.php\/wp-json\/wp\/v2\/users\/2"}],"replies":[{"embeddable":true,"href":"https:\/\/alfacaps.com.br\/index.php\/wp-json\/wp\/v2\/comments?post=69"}],"version-history":[{"count":1,"href":"https:\/\/alfacaps.com.br\/index.php\/wp-json\/wp\/v2\/posts\/69\/revisions"}],"predecessor-version":[{"id":71,"href":"https:\/\/alfacaps.com.br\/index.php\/wp-json\/wp\/v2\/posts\/69\/revisions\/71"}],"wp:featuredmedia":[{"embeddable":true,"href":"https:\/\/alfacaps.com.br\/index.php\/wp-json\/wp\/v2\/media\/70"}],"wp:attachment":[{"href":"https:\/\/alfacaps.com.br\/index.php\/wp-json\/wp\/v2\/media?parent=69"}],"wp:term":[{"taxonomy":"category","embeddable":true,"href":"https:\/\/alfacaps.com.br\/index.php\/wp-json\/wp\/v2\/categories?post=69"},{"taxonomy":"post_tag","embeddable":true,"href":"https:\/\/alfacaps.com.br\/index.php\/wp-json\/wp\/v2\/tags?post=69"}],"curies":[{"name":"wp","href":"https:\/\/api.w.org\/{rel}","templated":true}]}}