{"id":53,"date":"2023-08-22T15:17:08","date_gmt":"2023-08-22T15:17:08","guid":{"rendered":"https:\/\/alfacaps.com.br\/?p=53"},"modified":"2023-08-22T15:17:10","modified_gmt":"2023-08-22T15:17:10","slug":"o-que-combinar-com-tenis-vermelho","status":"publish","type":"post","link":"https:\/\/alfacaps.com.br\/index.php\/2023\/08\/22\/o-que-combinar-com-tenis-vermelho\/","title":{"rendered":"O que combinar com t\u00eanis vermelho?"},"content":{"rendered":"\n<p>O <a href=\"https:\/\/vaidetenis.com.br\/tipo\/tenis-vermelho-masculino\/\">t\u00eanis vermelho masculino<\/a> \u00e9 uma pe\u00e7a que chama a aten\u00e7\u00e3o e pode dar um toque de personalidade ao seu look. Mas como combinar esse cal\u00e7ado com as roupas certas? Neste artigo, vamos dar algumas dicas de como usar o t\u00eanis vermelho masculino sem errar na escolha das cores, das pe\u00e7as e do estilo.<\/p>\n\n\n\n<h2 class=\"wp-block-heading\">Por que usar t\u00eanis vermelho masculino?<\/h2>\n\n\n\n<p>O t\u00eanis vermelho masculino \u00e9 uma op\u00e7\u00e3o ousada e moderna para quem quer sair do b\u00e1sico e mostrar um pouco de atitude. O vermelho \u00e9 uma cor vibrante, que transmite energia, paix\u00e3o e confian\u00e7a. Al\u00e9m disso, o t\u00eanis vermelho pode ser usado em diversas ocasi\u00f5es, desde o dia a dia at\u00e9 eventos mais informais.<\/p>\n\n\n\n<h2 class=\"wp-block-heading\">Como escolher o modelo de t\u00eanis vermelho masculino?<\/h2>\n\n\n\n<p>Existem v\u00e1rios modelos de t\u00eanis vermelho masculino, desde os mais esportivos at\u00e9 os mais casuais. A escolha do modelo depende do seu gosto pessoal e do seu objetivo com o look.<\/p>\n\n\n\n<p>Por exemplo, se voc\u00ea quer um visual mais despojado e jovem, pode optar por um t\u00eanis vermelho de lona ou de camur\u00e7a, com solado branco ou preto. Se voc\u00ea quer um visual mais elegante e sofisticado, pode optar por um t\u00eanis vermelho de couro ou de verniz, com solado da mesma cor ou de borracha.<\/p>\n\n\n\n<h2 class=\"wp-block-heading\">Como combinar as cores com o t\u00eanis vermelho masculino?<\/h2>\n\n\n\n<p>Uma das principais d\u00favidas na hora de usar o t\u00eanis vermelho masculino \u00e9 como combinar as cores das roupas com o cal\u00e7ado. A regra geral \u00e9 evitar o excesso de vermelho no look, para n\u00e3o ficar muito chamativo ou caricato.<\/p>\n\n\n\n<p>O ideal \u00e9 equilibrar o t\u00eanis vermelho com cores neutras, como preto, branco, cinza e azul marinho. Essas cores criam um contraste harmonioso e destacam o t\u00eanis vermelho sem pesar na composi\u00e7\u00e3o.<\/p>\n\n\n\n<p>Outra op\u00e7\u00e3o \u00e9 usar cores complementares ao vermelho, como verde, roxo e laranja. Essas cores criam um contraste vibrante e divertido, que pode funcionar bem em looks mais descontra\u00eddos e criativos. Por\u00e9m, \u00e9 preciso ter cuidado para n\u00e3o exagerar na quantidade e na intensidade das cores, para n\u00e3o ficar muito colorido ou infantil.<\/p>\n\n\n\n<h2 class=\"wp-block-heading\">Como combinar as pe\u00e7as com o t\u00eanis vermelho masculino?<\/h2>\n\n\n\n<p>Al\u00e9m das cores, \u00e9 importante saber como combinar as pe\u00e7as de roupa com o t\u00eanis vermelho masculino. O t\u00eanis vermelho \u00e9 um cal\u00e7ado vers\u00e1til, que pode ser usado com diferentes tipos de pe\u00e7as, desde as mais casuais at\u00e9 as mais formais. Veja alguns exemplos:<\/p>\n\n\n\n<h3 class=\"wp-block-heading\">Cal\u00e7a jeans<\/h3>\n\n\n\n<p>A cal\u00e7a jeans \u00e9 uma pe\u00e7a cl\u00e1ssica e f\u00e1cil de combinar com o t\u00eanis vermelho. Voc\u00ea pode escolher uma cal\u00e7a jeans de lavagem clara ou escura, reta ou skinny, rasgada ou inteira.<\/p>\n\n\n\n<p>O importante \u00e9 que a cal\u00e7a tenha um bom caimento e n\u00e3o cubra o t\u00eanis. Voc\u00ea pode dobrar a barra da cal\u00e7a para deixar o t\u00eanis mais \u00e0 mostra e criar um efeito mais moderno.<\/p>\n\n\n\n<h3 class=\"wp-block-heading\">Cal\u00e7a chino<\/h3>\n\n\n\n<p>A cal\u00e7a chino \u00e9 uma pe\u00e7a mais sofisticada e elegante, que pode ser usada com o t\u00eanis vermelho para criar um look casual chic. Voc\u00ea pode escolher uma cal\u00e7a chino de cor neutra, como bege, cinza ou azul marinho, ou de cor complementar ao vermelho, como verde escuro ou roxo. <\/p>\n\n\n\n<p>A cal\u00e7a chino tamb\u00e9m deve ter um bom caimento e n\u00e3o cobrir o t\u00eanis. Voc\u00ea pode dobrar a barra da cal\u00e7a ou usar uma cal\u00e7a cropped para deixar o t\u00eanis em evid\u00eancia.<\/p>\n\n\n\n<h3 class=\"wp-block-heading\">Bermuda<\/h3>\n\n\n\n<p>A bermuda \u00e9 uma pe\u00e7a ideal para os dias mais quentes e para os looks mais despojados. Voc\u00ea pode usar uma bermuda de tecido leve, como algod\u00e3o ou linho, ou de tecido pesado, como jeans ou sarja. <\/p>\n\n\n\n<p><\/p>\n\n\n\n<p>A bermuda pode ser lisa ou estampada, mas deve ter uma cor que combine com o t\u00eanis vermelho. A bermuda deve ter um comprimento adequado, nem muito curta nem muito longa, e deixar o t\u00eanis \u00e0 vista.<\/p>\n\n\n\n<h3 class=\"wp-block-heading\">Camiseta<\/h3>\n\n\n\n<p>A camiseta \u00e9 uma pe\u00e7a b\u00e1sica e vers\u00e1til, que pode ser usada com o t\u00eanis vermelho em diversas situa\u00e7\u00f5es. Voc\u00ea pode usar uma camiseta lisa, de cor neutra ou complementar ao vermelho, ou uma camiseta estampada, com desenhos, frases ou logos.<\/p>\n\n\n\n<p>A camiseta deve ter um corte simples e confort\u00e1vel, sem muitos detalhes ou adornos. Voc\u00ea pode usar a camiseta por dentro ou por fora da cal\u00e7a ou da bermuda, dependendo do seu estilo e da ocasi\u00e3o.<\/p>\n\n\n\n<h3 class=\"wp-block-heading\">Camisa<\/h3>\n\n\n\n<p>A camisa \u00e9 uma pe\u00e7a mais formal e refinada, que pode ser usada com o t\u00eanis vermelho para criar um look mais arrumado e diferenciado. Voc\u00ea pode usar uma camisa de tecido fino, como algod\u00e3o ou seda, ou de tecido grosso, como jeans ou flanela.<\/p>\n\n\n\n<p>A camisa pode ser lisa, xadrez, listrada ou floral, mas deve ter uma cor que harmonize com o t\u00eanis vermelho. A camisa deve ter um caimento perfeito e estar bem passada. Voc\u00ea pode usar a camisa abotoada at\u00e9 o colarinho ou aberta sobre uma camiseta, dependendo do seu gosto e do seu objetivo.<\/p>\n\n\n\n<h3 class=\"wp-block-heading\">Jaqueta<\/h3>\n\n\n\n<p>A jaqueta \u00e9 uma pe\u00e7a que pode dar um toque extra de <a href=\"https:\/\/alfacaps.com.br\">estilo<\/a> e personalidade ao seu look com o t\u00eanis vermelho. Voc\u00ea pode usar uma jaqueta de couro, de jeans, de moletom ou de nylon, dependendo do clima e da ocasi\u00e3o.<\/p>\n\n\n\n<p>A jaqueta pode ser lisa ou estampada, mas deve ter uma cor que combine com o t\u00eanis vermelho. A jaqueta deve ter um tamanho adequado e n\u00e3o ser muito volumosa ou apertada. Voc\u00ea pode usar a jaqueta fechada ou aberta, sobre uma camiseta ou uma camisa, criando diferentes efeitos visuais.<\/p>\n\n\n\n<h2 class=\"wp-block-heading\">Conclus\u00e3o<\/h2>\n\n\n\n<p>O t\u00eanis vermelho masculino \u00e9 um cal\u00e7ado que pode trazer muita personalidade e estilo ao seu look. Para combinar o t\u00eanis vermelho com as roupas certas, voc\u00ea deve levar em conta as cores, as pe\u00e7as e o estilo que voc\u00ea quer transmitir. O t\u00eanis vermelho pode ser usado com cores neutras, para criar um contraste harmonioso, ou com cores complementares, para criar um contraste vibrante.<\/p>\n\n\n\n<p>O t\u00eanis vermelho pode ser usado com diferentes tipos de pe\u00e7as, desde as mais casuais at\u00e9 as mais formais, dependendo do modelo do t\u00eanis e do seu objetivo com o look. O t\u00eanis vermelho \u00e9 um cal\u00e7ado vers\u00e1til, que pode ser usado em diversas ocasi\u00f5es, desde o dia a dia at\u00e9 eventos mais informais.<\/p>\n\n\n\n<p>Esperamos que este artigo tenha te ajudado a saber como usar o t\u00eanis vermelho masculino sem medo de errar. Se voc\u00ea gostou deste conte\u00fado, compartilhe com seus amigos nas redes sociais e deixe seu coment\u00e1rio abaixo. At\u00e9 a pr\u00f3xima!<\/p>\n","protected":false},"excerpt":{"rendered":"<p>O t\u00eanis vermelho masculino \u00e9 uma pe\u00e7a que chama a aten\u00e7\u00e3o e pode dar um toque de personalidade ao seu look. Mas como combinar esse cal\u00e7ado com as roupas certas? Neste artigo, vamos dar algumas dicas de como usar o t\u00eanis vermelho masculino sem errar na escolha das cores, das pe\u00e7as e do estilo. Por [&hellip;]<\/p>\n","protected":false},"author":2,"featured_media":54,"comment_status":"open","ping_status":"open","sticky":false,"template":"","format":"standard","meta":{"footnotes":""},"categories":[11],"tags":[],"class_list":["post-53","post","type-post","status-publish","format-standard","has-post-thumbnail","hentry","category-estilo"],"yoast_head":"<!-- This site is optimized with the Yoast SEO plugin v26.5 - https:\/\/yoast.com\/wordpress\/plugins\/seo\/ -->\n<title>O que combinar com t\u00eanis vermelho?<\/title>\n<meta name=\"description\" content=\"O t\u00eanis vermelho chama a aten\u00e7\u00e3o e pode dar um toque de personalidade ao seu look. Mas como combinar esse cal\u00e7ado com as roupas certas?\" \/>\n<meta name=\"robots\" content=\"index, follow, max-snippet:-1, max-image-preview:large, max-video-preview:-1\" \/>\n<link rel=\"canonical\" href=\"https:\/\/alfacaps.com.br\/index.php\/2023\/08\/22\/o-que-combinar-com-tenis-vermelho\/\" \/>\n<meta property=\"og:locale\" content=\"pt_BR\" \/>\n<meta property=\"og:type\" content=\"article\" \/>\n<meta property=\"og:title\" content=\"O que combinar com t\u00eanis vermelho?\" \/>\n<meta property=\"og:description\" content=\"O t\u00eanis vermelho chama a aten\u00e7\u00e3o e pode dar um toque de personalidade ao seu look. Mas como combinar esse cal\u00e7ado com as roupas certas?\" \/>\n<meta property=\"og:url\" content=\"https:\/\/alfacaps.com.br\/index.php\/2023\/08\/22\/o-que-combinar-com-tenis-vermelho\/\" \/>\n<meta property=\"og:site_name\" content=\"alfacaps.com.br\" \/>\n<meta property=\"article:published_time\" content=\"2023-08-22T15:17:08+00:00\" \/>\n<meta property=\"article:modified_time\" content=\"2023-08-22T15:17:10+00:00\" \/>\n<meta property=\"og:image\" content=\"https:\/\/alfacaps.com.br\/wp-content\/uploads\/2023\/08\/Copia-de-A-imagens-portais-comunicabc-1920-\u00d7-1080-px-63.jpg\" \/>\n\t<meta property=\"og:image:width\" content=\"1920\" \/>\n\t<meta property=\"og:image:height\" content=\"1080\" \/>\n\t<meta property=\"og:image:type\" content=\"image\/jpeg\" \/>\n<meta name=\"author\" content=\"Beatriz Gomes\" \/>\n<meta name=\"twitter:card\" content=\"summary_large_image\" \/>\n<meta name=\"twitter:label1\" content=\"Escrito por\" \/>\n\t<meta name=\"twitter:data1\" content=\"Beatriz Gomes\" \/>\n\t<meta name=\"twitter:label2\" content=\"Est. tempo de leitura\" \/>\n\t<meta name=\"twitter:data2\" content=\"6 minutos\" \/>\n<script type=\"application\/ld+json\" class=\"yoast-schema-graph\">{\"@context\":\"https:\/\/schema.org\",\"@graph\":[{\"@type\":\"WebPage\",\"@id\":\"https:\/\/alfacaps.com.br\/index.php\/2023\/08\/22\/o-que-combinar-com-tenis-vermelho\/\",\"url\":\"https:\/\/alfacaps.com.br\/index.php\/2023\/08\/22\/o-que-combinar-com-tenis-vermelho\/\",\"name\":\"O que combinar com t\u00eanis vermelho?\",\"isPartOf\":{\"@id\":\"https:\/\/alfacaps.com.br\/#website\"},\"primaryImageOfPage\":{\"@id\":\"https:\/\/alfacaps.com.br\/index.php\/2023\/08\/22\/o-que-combinar-com-tenis-vermelho\/#primaryimage\"},\"image\":{\"@id\":\"https:\/\/alfacaps.com.br\/index.php\/2023\/08\/22\/o-que-combinar-com-tenis-vermelho\/#primaryimage\"},\"thumbnailUrl\":\"https:\/\/alfacaps.com.br\/wp-content\/uploads\/2023\/08\/Copia-de-A-imagens-portais-comunicabc-1920-\u00d7-1080-px-63.jpg\",\"datePublished\":\"2023-08-22T15:17:08+00:00\",\"dateModified\":\"2023-08-22T15:17:10+00:00\",\"author\":{\"@id\":\"https:\/\/alfacaps.com.br\/#\/schema\/person\/bb1cb91a51d674b8b99496595f55287a\"},\"description\":\"O t\u00eanis vermelho chama a aten\u00e7\u00e3o e pode dar um toque de personalidade ao seu look. Mas como combinar esse cal\u00e7ado com as roupas certas?\",\"breadcrumb\":{\"@id\":\"https:\/\/alfacaps.com.br\/index.php\/2023\/08\/22\/o-que-combinar-com-tenis-vermelho\/#breadcrumb\"},\"inLanguage\":\"pt-BR\",\"potentialAction\":[{\"@type\":\"ReadAction\",\"target\":[\"https:\/\/alfacaps.com.br\/index.php\/2023\/08\/22\/o-que-combinar-com-tenis-vermelho\/\"]}]},{\"@type\":\"ImageObject\",\"inLanguage\":\"pt-BR\",\"@id\":\"https:\/\/alfacaps.com.br\/index.php\/2023\/08\/22\/o-que-combinar-com-tenis-vermelho\/#primaryimage\",\"url\":\"https:\/\/alfacaps.com.br\/wp-content\/uploads\/2023\/08\/Copia-de-A-imagens-portais-comunicabc-1920-\u00d7-1080-px-63.jpg\",\"contentUrl\":\"https:\/\/alfacaps.com.br\/wp-content\/uploads\/2023\/08\/Copia-de-A-imagens-portais-comunicabc-1920-\u00d7-1080-px-63.jpg\",\"width\":1920,\"height\":1080,\"caption\":\"t\u00eanis vermelho\"},{\"@type\":\"BreadcrumbList\",\"@id\":\"https:\/\/alfacaps.com.br\/index.php\/2023\/08\/22\/o-que-combinar-com-tenis-vermelho\/#breadcrumb\",\"itemListElement\":[{\"@type\":\"ListItem\",\"position\":1,\"name\":\"In\u00edcio\",\"item\":\"https:\/\/alfacaps.com.br\/\"},{\"@type\":\"ListItem\",\"position\":2,\"name\":\"O que combinar com t\u00eanis vermelho?\"}]},{\"@type\":\"WebSite\",\"@id\":\"https:\/\/alfacaps.com.br\/#website\",\"url\":\"https:\/\/alfacaps.com.br\/\",\"name\":\"alfacaps.com.br\",\"description\":\"Portal de Artigos\",\"potentialAction\":[{\"@type\":\"SearchAction\",\"target\":{\"@type\":\"EntryPoint\",\"urlTemplate\":\"https:\/\/alfacaps.com.br\/?s={search_term_string}\"},\"query-input\":{\"@type\":\"PropertyValueSpecification\",\"valueRequired\":true,\"valueName\":\"search_term_string\"}}],\"inLanguage\":\"pt-BR\"},{\"@type\":\"Person\",\"@id\":\"https:\/\/alfacaps.com.br\/#\/schema\/person\/bb1cb91a51d674b8b99496595f55287a\",\"name\":\"Beatriz Gomes\",\"image\":{\"@type\":\"ImageObject\",\"inLanguage\":\"pt-BR\",\"@id\":\"https:\/\/alfacaps.com.br\/#\/schema\/person\/image\/\",\"url\":\"https:\/\/secure.gravatar.com\/avatar\/c530a4d9238a40e830697c21dc37fdadeb8f81e4cf1cce1e7f447ca78bdb499b?s=96&d=mm&r=g\",\"contentUrl\":\"https:\/\/secure.gravatar.com\/avatar\/c530a4d9238a40e830697c21dc37fdadeb8f81e4cf1cce1e7f447ca78bdb499b?s=96&d=mm&r=g\",\"caption\":\"Beatriz Gomes\"},\"url\":\"https:\/\/alfacaps.com.br\/index.php\/author\/beatriz-gomes\/\"}]}<\/script>\n<!-- \/ Yoast SEO plugin. -->","yoast_head_json":{"title":"O que combinar com t\u00eanis vermelho?","description":"O t\u00eanis vermelho chama a aten\u00e7\u00e3o e pode dar um toque de personalidade ao seu look. Mas como combinar esse cal\u00e7ado com as roupas certas?","robots":{"index":"index","follow":"follow","max-snippet":"max-snippet:-1","max-image-preview":"max-image-preview:large","max-video-preview":"max-video-preview:-1"},"canonical":"https:\/\/alfacaps.com.br\/index.php\/2023\/08\/22\/o-que-combinar-com-tenis-vermelho\/","og_locale":"pt_BR","og_type":"article","og_title":"O que combinar com t\u00eanis vermelho?","og_description":"O t\u00eanis vermelho chama a aten\u00e7\u00e3o e pode dar um toque de personalidade ao seu look. Mas como combinar esse cal\u00e7ado com as roupas certas?","og_url":"https:\/\/alfacaps.com.br\/index.php\/2023\/08\/22\/o-que-combinar-com-tenis-vermelho\/","og_site_name":"alfacaps.com.br","article_published_time":"2023-08-22T15:17:08+00:00","article_modified_time":"2023-08-22T15:17:10+00:00","og_image":[{"width":1920,"height":1080,"url":"https:\/\/alfacaps.com.br\/wp-content\/uploads\/2023\/08\/Copia-de-A-imagens-portais-comunicabc-1920-\u00d7-1080-px-63.jpg","type":"image\/jpeg"}],"author":"Beatriz Gomes","twitter_card":"summary_large_image","twitter_misc":{"Escrito por":"Beatriz Gomes","Est. tempo de leitura":"6 minutos"},"schema":{"@context":"https:\/\/schema.org","@graph":[{"@type":"WebPage","@id":"https:\/\/alfacaps.com.br\/index.php\/2023\/08\/22\/o-que-combinar-com-tenis-vermelho\/","url":"https:\/\/alfacaps.com.br\/index.php\/2023\/08\/22\/o-que-combinar-com-tenis-vermelho\/","name":"O que combinar com t\u00eanis vermelho?","isPartOf":{"@id":"https:\/\/alfacaps.com.br\/#website"},"primaryImageOfPage":{"@id":"https:\/\/alfacaps.com.br\/index.php\/2023\/08\/22\/o-que-combinar-com-tenis-vermelho\/#primaryimage"},"image":{"@id":"https:\/\/alfacaps.com.br\/index.php\/2023\/08\/22\/o-que-combinar-com-tenis-vermelho\/#primaryimage"},"thumbnailUrl":"https:\/\/alfacaps.com.br\/wp-content\/uploads\/2023\/08\/Copia-de-A-imagens-portais-comunicabc-1920-\u00d7-1080-px-63.jpg","datePublished":"2023-08-22T15:17:08+00:00","dateModified":"2023-08-22T15:17:10+00:00","author":{"@id":"https:\/\/alfacaps.com.br\/#\/schema\/person\/bb1cb91a51d674b8b99496595f55287a"},"description":"O t\u00eanis vermelho chama a aten\u00e7\u00e3o e pode dar um toque de personalidade ao seu look. Mas como combinar esse cal\u00e7ado com as roupas certas?","breadcrumb":{"@id":"https:\/\/alfacaps.com.br\/index.php\/2023\/08\/22\/o-que-combinar-com-tenis-vermelho\/#breadcrumb"},"inLanguage":"pt-BR","potentialAction":[{"@type":"ReadAction","target":["https:\/\/alfacaps.com.br\/index.php\/2023\/08\/22\/o-que-combinar-com-tenis-vermelho\/"]}]},{"@type":"ImageObject","inLanguage":"pt-BR","@id":"https:\/\/alfacaps.com.br\/index.php\/2023\/08\/22\/o-que-combinar-com-tenis-vermelho\/#primaryimage","url":"https:\/\/alfacaps.com.br\/wp-content\/uploads\/2023\/08\/Copia-de-A-imagens-portais-comunicabc-1920-\u00d7-1080-px-63.jpg","contentUrl":"https:\/\/alfacaps.com.br\/wp-content\/uploads\/2023\/08\/Copia-de-A-imagens-portais-comunicabc-1920-\u00d7-1080-px-63.jpg","width":1920,"height":1080,"caption":"t\u00eanis vermelho"},{"@type":"BreadcrumbList","@id":"https:\/\/alfacaps.com.br\/index.php\/2023\/08\/22\/o-que-combinar-com-tenis-vermelho\/#breadcrumb","itemListElement":[{"@type":"ListItem","position":1,"name":"In\u00edcio","item":"https:\/\/alfacaps.com.br\/"},{"@type":"ListItem","position":2,"name":"O que combinar com t\u00eanis vermelho?"}]},{"@type":"WebSite","@id":"https:\/\/alfacaps.com.br\/#website","url":"https:\/\/alfacaps.com.br\/","name":"alfacaps.com.br","description":"Portal de Artigos","potentialAction":[{"@type":"SearchAction","target":{"@type":"EntryPoint","urlTemplate":"https:\/\/alfacaps.com.br\/?s={search_term_string}"},"query-input":{"@type":"PropertyValueSpecification","valueRequired":true,"valueName":"search_term_string"}}],"inLanguage":"pt-BR"},{"@type":"Person","@id":"https:\/\/alfacaps.com.br\/#\/schema\/person\/bb1cb91a51d674b8b99496595f55287a","name":"Beatriz Gomes","image":{"@type":"ImageObject","inLanguage":"pt-BR","@id":"https:\/\/alfacaps.com.br\/#\/schema\/person\/image\/","url":"https:\/\/secure.gravatar.com\/avatar\/c530a4d9238a40e830697c21dc37fdadeb8f81e4cf1cce1e7f447ca78bdb499b?s=96&d=mm&r=g","contentUrl":"https:\/\/secure.gravatar.com\/avatar\/c530a4d9238a40e830697c21dc37fdadeb8f81e4cf1cce1e7f447ca78bdb499b?s=96&d=mm&r=g","caption":"Beatriz Gomes"},"url":"https:\/\/alfacaps.com.br\/index.php\/author\/beatriz-gomes\/"}]}},"_links":{"self":[{"href":"https:\/\/alfacaps.com.br\/index.php\/wp-json\/wp\/v2\/posts\/53","targetHints":{"allow":["GET"]}}],"collection":[{"href":"https:\/\/alfacaps.com.br\/index.php\/wp-json\/wp\/v2\/posts"}],"about":[{"href":"https:\/\/alfacaps.com.br\/index.php\/wp-json\/wp\/v2\/types\/post"}],"author":[{"embeddable":true,"href":"https:\/\/alfacaps.com.br\/index.php\/wp-json\/wp\/v2\/users\/2"}],"replies":[{"embeddable":true,"href":"https:\/\/alfacaps.com.br\/index.php\/wp-json\/wp\/v2\/comments?post=53"}],"version-history":[{"count":1,"href":"https:\/\/alfacaps.com.br\/index.php\/wp-json\/wp\/v2\/posts\/53\/revisions"}],"predecessor-version":[{"id":55,"href":"https:\/\/alfacaps.com.br\/index.php\/wp-json\/wp\/v2\/posts\/53\/revisions\/55"}],"wp:featuredmedia":[{"embeddable":true,"href":"https:\/\/alfacaps.com.br\/index.php\/wp-json\/wp\/v2\/media\/54"}],"wp:attachment":[{"href":"https:\/\/alfacaps.com.br\/index.php\/wp-json\/wp\/v2\/media?parent=53"}],"wp:term":[{"taxonomy":"category","embeddable":true,"href":"https:\/\/alfacaps.com.br\/index.php\/wp-json\/wp\/v2\/categories?post=53"},{"taxonomy":"post_tag","embeddable":true,"href":"https:\/\/alfacaps.com.br\/index.php\/wp-json\/wp\/v2\/tags?post=53"}],"curies":[{"name":"wp","href":"https:\/\/api.w.org\/{rel}","templated":true}]}}