{"id":484,"date":"2025-02-24T16:32:55","date_gmt":"2025-02-24T16:32:55","guid":{"rendered":"https:\/\/alfacaps.com.br\/?p=484"},"modified":"2025-03-28T20:44:36","modified_gmt":"2025-03-28T20:44:36","slug":"a-popularizacao-dos-veiculos-eletricos-e-os-desafios-da-infraestrutura","status":"publish","type":"post","link":"https:\/\/alfacaps.com.br\/index.php\/2025\/02\/24\/a-popularizacao-dos-veiculos-eletricos-e-os-desafios-da-infraestrutura\/","title":{"rendered":"A Populariza\u00e7\u00e3o dos Ve\u00edculos El\u00e9tricos e os Desafios da Infraestrutura\u00a0"},"content":{"rendered":"\n<p>Nos \u00faltimos anos, a populariza\u00e7\u00e3o dos ve\u00edculos el\u00e9tricos (VEs) se consolidou como uma das principais tend\u00eancias no setor automotivo. Com crescente preocupa\u00e7\u00e3o em rela\u00e7\u00e3o \u00e0s mudan\u00e7as clim\u00e1ticas e \u00e0 polui\u00e7\u00e3o do ar, consumidores e fabricantes t\u00eam buscado alternativas mais sustent\u00e1veis em suas escolhas.&nbsp;&nbsp;<\/p>\n\n\n\n<p>Os VEs representam uma solu\u00e7\u00e3o promissora, oferecendo n\u00e3o s\u00f3 viabilidade econ\u00f4mica, mas tamb\u00e9m a possibilidade de um futuro mais limpo e eficiente. No entanto, apesar do entusiasmo crescente, a infraestrutura necess\u00e1ria para suportar essa transi\u00e7\u00e3o enfrenta desafios significativos.&nbsp;<\/p>\n\n\n\n<p>Exploramos a ascens\u00e3o dos ve\u00edculos el\u00e9tricos, seus benef\u00edcios e os obst\u00e1culos que precisam ser superados para garantir uma infraestrutura adequada que atenda \u00e0 demanda crescente por esses autom\u00f3veis.&nbsp;&nbsp;<\/p>\n\n\n\n<h3 class=\"wp-block-heading\">Tipos de Transporte de Ve\u00edculos<\/h3>\n\n\n\n<p>Para garantir que o transporte de ve\u00edculos seja realizado da forma mais segura e eficiente, \u00e9 importante conhecer as principais op\u00e7\u00f5es dispon\u00edveis no mercado:<\/p>\n\n\n\n<p><strong>1. Transporte Aberto:<\/strong>\u00a0Esse \u00e9 o tipo mais comum e econ\u00f4mico de transporte de ve\u00edculos. Nele, o autom\u00f3vel \u00e9 carregado em\u00a0<a href=\"https:\/\/cegonhatransporte.com.br\/caminhao-cegonha\/\"><strong>caminh\u00e3o cegonha<\/strong><\/a>, que s\u00e3o ve\u00edculos grandes capazes de transportar diversos carros ao mesmo tempo. O transporte aberto \u00e9 ideal para quem busca uma op\u00e7\u00e3o mais barata, por\u00e9m, o autom\u00f3vel fica exposto \u00e0s condi\u00e7\u00f5es clim\u00e1ticas e \u00e0 sujeira da estrada.<\/p>\n\n\n\n<p><strong>2. Transporte Fechado:<\/strong>&nbsp;O transporte fechado oferece um n\u00edvel de seguran\u00e7a maior, pois o ve\u00edculo \u00e9 colocado dentro de um caminh\u00e3o fechado, protegido de fatores externos como chuva, sol e poeira. Essa modalidade \u00e9 mais indicada para quem possui ve\u00edculos de luxo, antigos ou esportivos, que demandam cuidados extras. Por ser uma op\u00e7\u00e3o mais segura, o transporte fechado tende a ser mais caro.<\/p>\n\n\n\n<p><strong>3. Transporte Rodovi\u00e1rio:<\/strong>&nbsp;A maior parte do transporte de ve\u00edculos no Brasil \u00e9 feita por meio de caminh\u00f5es, principalmente em viagens de longa dist\u00e2ncia. Os caminh\u00f5es cegonha s\u00e3o amplamente utilizados devido \u00e0 capacidade de transportar v\u00e1rios carros de uma s\u00f3 vez, o que torna o servi\u00e7o mais acess\u00edvel financeiramente.<\/p>\n\n\n\n<p><strong>4. Transporte Mar\u00edtimo:<\/strong>&nbsp;No caso de transporte de ve\u00edculos para outros pa\u00edses ou ilhas, o transporte mar\u00edtimo pode ser a melhor solu\u00e7\u00e3o. Ele \u00e9 realizado em cont\u00eaineres ou em navios especializados em transporte de autom\u00f3veis. Essa op\u00e7\u00e3o \u00e9 comum em exporta\u00e7\u00f5es e importa\u00e7\u00f5es de ve\u00edculos, mas tamb\u00e9m pode ser usada por pessoas que est\u00e3o se mudando para outros pa\u00edses.<\/p>\n\n\n\n<p><strong>5. Transporte A\u00e9reo:<\/strong>&nbsp;Apesar de ser a modalidade mais cara, o transporte a\u00e9reo \u00e9 extremamente eficiente quando h\u00e1 necessidade de rapidez. Ve\u00edculos de luxo ou que precisam ser entregues em eventos internacionais costumam ser transportados dessa forma, garantindo que o carro chegue ao destino com rapidez e total seguran\u00e7a.<\/p>\n\n\n\n<h2 class=\"wp-block-heading\">A Ascens\u00e3o dos Ve\u00edculos El\u00e9tricos&nbsp;&nbsp;<\/h2>\n\n\n\n<p>A popularidade dos ve\u00edculos el\u00e9tricos cresce a passos largos, principalmente devido \u00e0s inova\u00e7\u00f5es tecnol\u00f3gicas e ao aumento das preocupa\u00e7\u00f5es ambientais. Marcas renomadas est\u00e3o investindo pesadamente em pesquisa e desenvolvimento, o que resultou em modelos mais acess\u00edveis, eficientes e com maior autonomia.&nbsp;&nbsp;<\/p>\n\n\n\n<ul class=\"wp-block-list\">\n<li>Crescente conscientiza\u00e7\u00e3o sobre as mudan\u00e7as clim\u00e1ticas e seus impactos&nbsp;<\/li>\n<\/ul>\n\n\n\n<ul class=\"wp-block-list\">\n<li>Aumento da aceita\u00e7\u00e3o dos ve\u00edculos el\u00e9tricos como alternativa sustent\u00e1vel&nbsp;<\/li>\n<\/ul>\n\n\n\n<ul class=\"wp-block-list\">\n<li>Subs\u00eddios e incentivos fiscais para tornar os VEs mais acess\u00edveis&nbsp;<\/li>\n<\/ul>\n\n\n\n<ul class=\"wp-block-list\">\n<li>Redu\u00e7\u00e3o de impostos para fabricantes e consumidores de VEs&nbsp;<\/li>\n<\/ul>\n\n\n\n<ul class=\"wp-block-list\">\n<li>Campanhas de conscientiza\u00e7\u00e3o sobre os benef\u00edcios dos ve\u00edculos el\u00e9tricos&nbsp;<\/li>\n<\/ul>\n\n\n\n<ul class=\"wp-block-list\">\n<li>Press\u00e3o da comunidade global para reduzir emiss\u00f5es de carbono&nbsp;<\/li>\n<\/ul>\n\n\n\n<p>Para garantir que a produ\u00e7\u00e3o de ve\u00edculos el\u00e9tricos seja cada vez mais eficiente, diversas f\u00e1bricas t\u00eam investido na moderniza\u00e7\u00e3o de seus sistemas de controle de jornada de trabalho.&nbsp;&nbsp;<\/p>\n\n\n\n<p>A instala\u00e7\u00e3o de <a href=\"https:\/\/pontonext.com.br\/relogio-de-ponto\" target=\"_blank\" rel=\"noreferrer noopener\"><strong>rel\u00f3gio de ponto<\/strong><\/a> digital tem sido uma alternativa eficaz para gerenciar as equipes de montagem e log\u00edstica, garantindo maior precis\u00e3o no acompanhamento das opera\u00e7\u00f5es e otimizando o fluxo de produ\u00e7\u00e3o nas montadoras.\u00a0<\/p>\n\n\n\n<h2 class=\"wp-block-heading\">Desafios da Infraestrutura de Carregamento&nbsp;<\/h2>\n\n\n\n<p>Para que os VEs se tornem uma op\u00e7\u00e3o vi\u00e1vel para mais pessoas, \u00e9 essencial que a rede de carregamento esteja presente em locais estrat\u00e9gicos, como resid\u00eancias, estacionamentos, shopping centers e ao longo das estradas.&nbsp;&nbsp;<\/p>\n\n\n\n<p>Sem esta infraestrutura, o medo da &#8220;ansiedade de autonomia&#8221;, que \u00e9 o receio de ficar sem carga durante uma viagem, poder\u00e1 continuar a ser um obst\u00e1culo significativo para a ado\u00e7\u00e3o de VEs.&nbsp;<\/p>\n\n\n\n<ul class=\"wp-block-list\">\n<li>Desenvolvimento de um plano de expans\u00e3o que assegure o acesso universal \u00e0s esta\u00e7\u00f5es&nbsp;<\/li>\n<\/ul>\n\n\n\n<ul class=\"wp-block-list\">\n<li>Incentivos fiscais e subs\u00eddios para estimular a constru\u00e7\u00e3o de pontos de recarga&nbsp;<\/li>\n<\/ul>\n\n\n\n<ul class=\"wp-block-list\">\n<li>Localiza\u00e7\u00e3o estrat\u00e9gica das esta\u00e7\u00f5es em \u00e1reas urbanas, rodovias e centros comerciais&nbsp;<\/li>\n<\/ul>\n\n\n\n<ul class=\"wp-block-list\">\n<li>Integra\u00e7\u00e3o de tecnologias inteligentes para otimizar a distribui\u00e7\u00e3o de energia e reduzir tempos de espera&nbsp;<\/li>\n<\/ul>\n\n\n\n<ul class=\"wp-block-list\">\n<li>Parcerias com empresas do setor energ\u00e9tico para garantir fornecimento sustent\u00e1vel e eficiente&nbsp;<\/li>\n<\/ul>\n\n\n\n<p>Muitas cidades est\u00e3o refor\u00e7ando a seguran\u00e7a nas \u00e1reas das esta\u00e7\u00f5es de carregamento. A implementa\u00e7\u00e3o de <a href=\"https:\/\/grades.com.br\/tela-gabiao\" target=\"_blank\" rel=\"noreferrer noopener\"><strong>tela gabi\u00e3o<\/strong><\/a> tem sido uma solu\u00e7\u00e3o eficiente para delimitar espa\u00e7os e proteger equipamentos el\u00e9tricos contra impactos e vandalismo, garantindo que a infraestrutura se mantenha segura e funcional a longo prazo.&nbsp;<\/p>\n\n\n\n<h2 class=\"wp-block-heading\">A Necessidade de Padr\u00f5es de Carregamento&nbsp;<\/h2>\n\n\n\n<p>Outro desafio que se destaca na constru\u00e7\u00e3o da infraestrutura de carregamento \u00e9 a falta de um padr\u00e3o unificado para as esta\u00e7\u00f5es de carregamento. Atualmente, existem diversos tipos de conectores e protocolos de carregamento, que podem variar de acordo com o modelo do ve\u00edculo e a regi\u00e3o.&nbsp;&nbsp;<\/p>\n\n\n\n<p>Isso pode causar confus\u00e3o para os motoristas e, em muitos casos, levar \u00e0 frustra\u00e7\u00e3o quando n\u00e3o conseguem encontrar uma esta\u00e7\u00e3o que atenda \u00e0s suas necessidades. Al\u00e9m disso, a log\u00edstica de distribui\u00e7\u00e3o e armazenamento dos equipamentos necess\u00e1rios para essas esta\u00e7\u00f5es exige solu\u00e7\u00f5es eficientes.&nbsp;&nbsp;<\/p>\n\n\n\n<p>O uso de <a href=\"https:\/\/rdpallets.com.br\/produtos\/pallets-de-plastico\/paletes-de-polietileno\" target=\"_blank\" rel=\"noreferrer noopener\"><strong>pallet de polietileno<\/strong><\/a> tem sido uma alternativa para otimizar o transporte e a organiza\u00e7\u00e3o dos componentes, garantindo maior durabilidade e facilitando a instala\u00e7\u00e3o em diferentes localidades.&nbsp;<\/p>\n\n\n<div class=\"wp-block-image\">\n<figure class=\"aligncenter size-full is-resized\"><img loading=\"lazy\" decoding=\"async\" width=\"996\" height=\"664\" src=\"http:\/\/alfacaps.com.br\/wp-content\/uploads\/2025\/02\/carregamento-de-energia-do-carro-eletrico_35913-2163.jpg\" alt=\"\" class=\"wp-image-486\" style=\"width:548px;height:auto\" srcset=\"https:\/\/alfacaps.com.br\/wp-content\/uploads\/2025\/02\/carregamento-de-energia-do-carro-eletrico_35913-2163.jpg 996w, https:\/\/alfacaps.com.br\/wp-content\/uploads\/2025\/02\/carregamento-de-energia-do-carro-eletrico_35913-2163-300x200.jpg 300w, https:\/\/alfacaps.com.br\/wp-content\/uploads\/2025\/02\/carregamento-de-energia-do-carro-eletrico_35913-2163-768x512.jpg 768w\" sizes=\"auto, (max-width: 996px) 100vw, 996px\" \/><\/figure>\n<\/div>\n\n\n<h2 class=\"wp-block-heading\">Integra\u00e7\u00e3o de Energias Renov\u00e1veis&nbsp;<\/h2>\n\n\n\n<p>Uma parte crucial do futuro dos ve\u00edculos el\u00e9tricos \u00e9 a integra\u00e7\u00e3o com fontes de energia renov\u00e1veis. A utiliza\u00e7\u00e3o de energia solar, e\u00f3lica e outras fontes limpas para carregar os ve\u00edculos n\u00e3o s\u00f3 reduz a depend\u00eancia de combust\u00edveis f\u00f3sseis, mas tamb\u00e9m ajuda a minimizar a pegada de carbono associada \u00e0 produ\u00e7\u00e3o el\u00e9trica.&nbsp;&nbsp;<\/p>\n\n\n\n<ul class=\"wp-block-list\">\n<li>Expans\u00e3o da infraestrutura para suporte a fontes de energia limpa&nbsp;<\/li>\n<\/ul>\n\n\n\n<ul class=\"wp-block-list\">\n<li>Papel dos governos na concess\u00e3o de subs\u00eddios para incentivar energias renov\u00e1veis&nbsp;<\/li>\n<\/ul>\n\n\n\n<ul class=\"wp-block-list\">\n<li>Parcerias entre fabricantes de ve\u00edculos el\u00e9tricos e empresas de energia&nbsp;<\/li>\n<\/ul>\n\n\n\n<ul class=\"wp-block-list\">\n<li>Desenvolvimento de sistemas de carregamento mais eficientes e sustent\u00e1veis&nbsp;<\/li>\n<\/ul>\n\n\n\n<ul class=\"wp-block-list\">\n<li>Redu\u00e7\u00e3o da depend\u00eancia de combust\u00edveis f\u00f3sseis na matriz energ\u00e9tica&nbsp;<\/li>\n<\/ul>\n\n\n\n<ul class=\"wp-block-list\">\n<li>Crescente demanda por produtos e servi\u00e7os ecologicamente respons\u00e1veis&nbsp;<\/li>\n<\/ul>\n\n\n\n<ul class=\"wp-block-list\">\n<li>Ado\u00e7\u00e3o de solu\u00e7\u00f5es tecnol\u00f3gicas para otimizar o uso da energia renov\u00e1vel&nbsp;&nbsp;<\/li>\n<\/ul>\n\n\n\n<p>No setor de com\u00e9rcio eletr\u00f4nico, por exemplo, muitos lojistas que vendem produtos relacionados \u00e0 mobilidade el\u00e9trica t\u00eam buscado fornecedores confi\u00e1veis, como uma <a href=\"https:\/\/capapallet.com\/loja-de-embalagens-plasticas\" target=\"_blank\" rel=\"noreferrer noopener\"><strong>loja de embalagens pl\u00e1sticas<\/strong><\/a>, para garantir solu\u00e7\u00f5es de embalagem recicl\u00e1veis e sustent\u00e1veis, minimizando o impacto ambiental na log\u00edstica de envio dos produtos.&nbsp;<\/p>\n\n\n\n<h2 class=\"wp-block-heading\">Conclus\u00e3o&nbsp;<\/h2>\n\n\n\n<p>A populariza\u00e7\u00e3o dos ve\u00edculos el\u00e9tricos representa um avan\u00e7o significativo em dire\u00e7\u00e3o a um futuro mais sustent\u00e1vel e eficiente. Desde a constru\u00e7\u00e3o de uma rede de carregamento acess\u00edvel e eficiente at\u00e9 a integra\u00e7\u00e3o de fontes de energia renov\u00e1veis, muitos passos ainda precisam ser dados.&nbsp;<\/p>\n\n\n\n<p>Governos, empresas e cidad\u00e3os t\u00eam a responsabilidade de colaborar e investir na cria\u00e7\u00e3o de um ambiente prop\u00edcio para os ve\u00edculos el\u00e9tricos. A mudan\u00e7a \u00e9 poss\u00edvel e necess\u00e1ria, e o futuro da mobilidade depender\u00e1 da forma como enfrentamos esses desafios coletivamente.&nbsp;<\/p>\n","protected":false},"excerpt":{"rendered":"<p>Nos \u00faltimos anos, a populariza\u00e7\u00e3o dos ve\u00edculos el\u00e9tricos (VEs) se consolidou como uma das principais tend\u00eancias no setor automotivo. Com crescente preocupa\u00e7\u00e3o em rela\u00e7\u00e3o \u00e0s mudan\u00e7as clim\u00e1ticas e \u00e0 polui\u00e7\u00e3o do ar, consumidores e fabricantes t\u00eam buscado alternativas mais sustent\u00e1veis em suas escolhas.&nbsp;&nbsp; Os VEs representam uma solu\u00e7\u00e3o promissora, oferecendo n\u00e3o s\u00f3 viabilidade econ\u00f4mica, mas [&hellip;]<\/p>\n","protected":false},"author":3,"featured_media":487,"comment_status":"open","ping_status":"open","sticky":false,"template":"","format":"standard","meta":{"footnotes":""},"categories":[10],"tags":[],"class_list":["post-484","post","type-post","status-publish","format-standard","has-post-thumbnail","hentry","category-negocios"],"yoast_head":"<!-- This site is optimized with the Yoast SEO plugin v26.5 - https:\/\/yoast.com\/wordpress\/plugins\/seo\/ -->\n<title>A Populariza\u00e7\u00e3o dos Ve\u00edculos El\u00e9tricos e os Desafios da Infraestrutura\u00a0 - alfacaps.com.br<\/title>\n<meta name=\"description\" content=\"A crescente ado\u00e7\u00e3o de ve\u00edculos el\u00e9tricos traz desafios para a infraestrutura. Saiba quais s\u00e3o e como o setor est\u00e1 se adaptando.\" \/>\n<meta name=\"robots\" content=\"index, follow, max-snippet:-1, max-image-preview:large, max-video-preview:-1\" \/>\n<link rel=\"canonical\" href=\"https:\/\/alfacaps.com.br\/index.php\/2025\/02\/24\/a-popularizacao-dos-veiculos-eletricos-e-os-desafios-da-infraestrutura\/\" \/>\n<meta property=\"og:locale\" content=\"pt_BR\" \/>\n<meta property=\"og:type\" content=\"article\" \/>\n<meta property=\"og:title\" content=\"A Populariza\u00e7\u00e3o dos Ve\u00edculos El\u00e9tricos e os Desafios da Infraestrutura\u00a0 - alfacaps.com.br\" \/>\n<meta property=\"og:description\" content=\"A crescente ado\u00e7\u00e3o de ve\u00edculos el\u00e9tricos traz desafios para a infraestrutura. Saiba quais s\u00e3o e como o setor est\u00e1 se adaptando.\" \/>\n<meta property=\"og:url\" content=\"https:\/\/alfacaps.com.br\/index.php\/2025\/02\/24\/a-popularizacao-dos-veiculos-eletricos-e-os-desafios-da-infraestrutura\/\" \/>\n<meta property=\"og:site_name\" content=\"alfacaps.com.br\" \/>\n<meta property=\"article:published_time\" content=\"2025-02-24T16:32:55+00:00\" \/>\n<meta property=\"article:modified_time\" content=\"2025-03-28T20:44:36+00:00\" \/>\n<meta property=\"og:image\" content=\"https:\/\/alfacaps.com.br\/wp-content\/uploads\/2025\/02\/carregador-carro-eletrico.webp\" \/>\n\t<meta property=\"og:image:width\" content=\"996\" \/>\n\t<meta property=\"og:image:height\" content=\"646\" \/>\n\t<meta property=\"og:image:type\" content=\"image\/webp\" \/>\n<meta name=\"author\" content=\"kathleen.oliveira\" \/>\n<meta name=\"twitter:card\" content=\"summary_large_image\" \/>\n<meta name=\"twitter:label1\" content=\"Escrito por\" \/>\n\t<meta name=\"twitter:data1\" content=\"kathleen.oliveira\" \/>\n\t<meta name=\"twitter:label2\" content=\"Est. tempo de leitura\" \/>\n\t<meta name=\"twitter:data2\" content=\"7 minutos\" \/>\n<script type=\"application\/ld+json\" class=\"yoast-schema-graph\">{\"@context\":\"https:\/\/schema.org\",\"@graph\":[{\"@type\":\"WebPage\",\"@id\":\"https:\/\/alfacaps.com.br\/index.php\/2025\/02\/24\/a-popularizacao-dos-veiculos-eletricos-e-os-desafios-da-infraestrutura\/\",\"url\":\"https:\/\/alfacaps.com.br\/index.php\/2025\/02\/24\/a-popularizacao-dos-veiculos-eletricos-e-os-desafios-da-infraestrutura\/\",\"name\":\"A Populariza\u00e7\u00e3o dos Ve\u00edculos El\u00e9tricos e os Desafios da Infraestrutura\u00a0 - alfacaps.com.br\",\"isPartOf\":{\"@id\":\"https:\/\/alfacaps.com.br\/#website\"},\"primaryImageOfPage\":{\"@id\":\"https:\/\/alfacaps.com.br\/index.php\/2025\/02\/24\/a-popularizacao-dos-veiculos-eletricos-e-os-desafios-da-infraestrutura\/#primaryimage\"},\"image\":{\"@id\":\"https:\/\/alfacaps.com.br\/index.php\/2025\/02\/24\/a-popularizacao-dos-veiculos-eletricos-e-os-desafios-da-infraestrutura\/#primaryimage\"},\"thumbnailUrl\":\"https:\/\/alfacaps.com.br\/wp-content\/uploads\/2025\/02\/carregador-carro-eletrico.webp\",\"datePublished\":\"2025-02-24T16:32:55+00:00\",\"dateModified\":\"2025-03-28T20:44:36+00:00\",\"author\":{\"@id\":\"https:\/\/alfacaps.com.br\/#\/schema\/person\/8013da0303231399f4d2e7ddc22e2aa4\"},\"description\":\"A crescente ado\u00e7\u00e3o de ve\u00edculos el\u00e9tricos traz desafios para a infraestrutura. Saiba quais s\u00e3o e como o setor est\u00e1 se adaptando.\",\"breadcrumb\":{\"@id\":\"https:\/\/alfacaps.com.br\/index.php\/2025\/02\/24\/a-popularizacao-dos-veiculos-eletricos-e-os-desafios-da-infraestrutura\/#breadcrumb\"},\"inLanguage\":\"pt-BR\",\"potentialAction\":[{\"@type\":\"ReadAction\",\"target\":[\"https:\/\/alfacaps.com.br\/index.php\/2025\/02\/24\/a-popularizacao-dos-veiculos-eletricos-e-os-desafios-da-infraestrutura\/\"]}]},{\"@type\":\"ImageObject\",\"inLanguage\":\"pt-BR\",\"@id\":\"https:\/\/alfacaps.com.br\/index.php\/2025\/02\/24\/a-popularizacao-dos-veiculos-eletricos-e-os-desafios-da-infraestrutura\/#primaryimage\",\"url\":\"https:\/\/alfacaps.com.br\/wp-content\/uploads\/2025\/02\/carregador-carro-eletrico.webp\",\"contentUrl\":\"https:\/\/alfacaps.com.br\/wp-content\/uploads\/2025\/02\/carregador-carro-eletrico.webp\",\"width\":996,\"height\":646,\"caption\":\"A crescente ado\u00e7\u00e3o de ve\u00edculos el\u00e9tricos traz desafios para a infraestrutura. Saiba quais s\u00e3o e como o setor est\u00e1 se adaptando.\"},{\"@type\":\"BreadcrumbList\",\"@id\":\"https:\/\/alfacaps.com.br\/index.php\/2025\/02\/24\/a-popularizacao-dos-veiculos-eletricos-e-os-desafios-da-infraestrutura\/#breadcrumb\",\"itemListElement\":[{\"@type\":\"ListItem\",\"position\":1,\"name\":\"In\u00edcio\",\"item\":\"https:\/\/alfacaps.com.br\/\"},{\"@type\":\"ListItem\",\"position\":2,\"name\":\"A Populariza\u00e7\u00e3o dos Ve\u00edculos El\u00e9tricos e os Desafios da Infraestrutura\u00a0\"}]},{\"@type\":\"WebSite\",\"@id\":\"https:\/\/alfacaps.com.br\/#website\",\"url\":\"https:\/\/alfacaps.com.br\/\",\"name\":\"alfacaps.com.br\",\"description\":\"Portal de Artigos\",\"potentialAction\":[{\"@type\":\"SearchAction\",\"target\":{\"@type\":\"EntryPoint\",\"urlTemplate\":\"https:\/\/alfacaps.com.br\/?s={search_term_string}\"},\"query-input\":{\"@type\":\"PropertyValueSpecification\",\"valueRequired\":true,\"valueName\":\"search_term_string\"}}],\"inLanguage\":\"pt-BR\"},{\"@type\":\"Person\",\"@id\":\"https:\/\/alfacaps.com.br\/#\/schema\/person\/8013da0303231399f4d2e7ddc22e2aa4\",\"name\":\"kathleen.oliveira\",\"image\":{\"@type\":\"ImageObject\",\"inLanguage\":\"pt-BR\",\"@id\":\"https:\/\/alfacaps.com.br\/#\/schema\/person\/image\/\",\"url\":\"https:\/\/secure.gravatar.com\/avatar\/47323764b972c8002feef185abcbb6dae9568c78b9b2804535aa4b09393d40eb?s=96&d=mm&r=g\",\"contentUrl\":\"https:\/\/secure.gravatar.com\/avatar\/47323764b972c8002feef185abcbb6dae9568c78b9b2804535aa4b09393d40eb?s=96&d=mm&r=g\",\"caption\":\"kathleen.oliveira\"},\"url\":\"https:\/\/alfacaps.com.br\/index.php\/author\/kathleen-oliveira\/\"}]}<\/script>\n<!-- \/ Yoast SEO plugin. -->","yoast_head_json":{"title":"A Populariza\u00e7\u00e3o dos Ve\u00edculos El\u00e9tricos e os Desafios da Infraestrutura\u00a0 - alfacaps.com.br","description":"A crescente ado\u00e7\u00e3o de ve\u00edculos el\u00e9tricos traz desafios para a infraestrutura. Saiba quais s\u00e3o e como o setor est\u00e1 se adaptando.","robots":{"index":"index","follow":"follow","max-snippet":"max-snippet:-1","max-image-preview":"max-image-preview:large","max-video-preview":"max-video-preview:-1"},"canonical":"https:\/\/alfacaps.com.br\/index.php\/2025\/02\/24\/a-popularizacao-dos-veiculos-eletricos-e-os-desafios-da-infraestrutura\/","og_locale":"pt_BR","og_type":"article","og_title":"A Populariza\u00e7\u00e3o dos Ve\u00edculos El\u00e9tricos e os Desafios da Infraestrutura\u00a0 - alfacaps.com.br","og_description":"A crescente ado\u00e7\u00e3o de ve\u00edculos el\u00e9tricos traz desafios para a infraestrutura. Saiba quais s\u00e3o e como o setor est\u00e1 se adaptando.","og_url":"https:\/\/alfacaps.com.br\/index.php\/2025\/02\/24\/a-popularizacao-dos-veiculos-eletricos-e-os-desafios-da-infraestrutura\/","og_site_name":"alfacaps.com.br","article_published_time":"2025-02-24T16:32:55+00:00","article_modified_time":"2025-03-28T20:44:36+00:00","og_image":[{"width":996,"height":646,"url":"https:\/\/alfacaps.com.br\/wp-content\/uploads\/2025\/02\/carregador-carro-eletrico.webp","type":"image\/webp"}],"author":"kathleen.oliveira","twitter_card":"summary_large_image","twitter_misc":{"Escrito por":"kathleen.oliveira","Est. tempo de leitura":"7 minutos"},"schema":{"@context":"https:\/\/schema.org","@graph":[{"@type":"WebPage","@id":"https:\/\/alfacaps.com.br\/index.php\/2025\/02\/24\/a-popularizacao-dos-veiculos-eletricos-e-os-desafios-da-infraestrutura\/","url":"https:\/\/alfacaps.com.br\/index.php\/2025\/02\/24\/a-popularizacao-dos-veiculos-eletricos-e-os-desafios-da-infraestrutura\/","name":"A Populariza\u00e7\u00e3o dos Ve\u00edculos El\u00e9tricos e os Desafios da Infraestrutura\u00a0 - alfacaps.com.br","isPartOf":{"@id":"https:\/\/alfacaps.com.br\/#website"},"primaryImageOfPage":{"@id":"https:\/\/alfacaps.com.br\/index.php\/2025\/02\/24\/a-popularizacao-dos-veiculos-eletricos-e-os-desafios-da-infraestrutura\/#primaryimage"},"image":{"@id":"https:\/\/alfacaps.com.br\/index.php\/2025\/02\/24\/a-popularizacao-dos-veiculos-eletricos-e-os-desafios-da-infraestrutura\/#primaryimage"},"thumbnailUrl":"https:\/\/alfacaps.com.br\/wp-content\/uploads\/2025\/02\/carregador-carro-eletrico.webp","datePublished":"2025-02-24T16:32:55+00:00","dateModified":"2025-03-28T20:44:36+00:00","author":{"@id":"https:\/\/alfacaps.com.br\/#\/schema\/person\/8013da0303231399f4d2e7ddc22e2aa4"},"description":"A crescente ado\u00e7\u00e3o de ve\u00edculos el\u00e9tricos traz desafios para a infraestrutura. Saiba quais s\u00e3o e como o setor est\u00e1 se adaptando.","breadcrumb":{"@id":"https:\/\/alfacaps.com.br\/index.php\/2025\/02\/24\/a-popularizacao-dos-veiculos-eletricos-e-os-desafios-da-infraestrutura\/#breadcrumb"},"inLanguage":"pt-BR","potentialAction":[{"@type":"ReadAction","target":["https:\/\/alfacaps.com.br\/index.php\/2025\/02\/24\/a-popularizacao-dos-veiculos-eletricos-e-os-desafios-da-infraestrutura\/"]}]},{"@type":"ImageObject","inLanguage":"pt-BR","@id":"https:\/\/alfacaps.com.br\/index.php\/2025\/02\/24\/a-popularizacao-dos-veiculos-eletricos-e-os-desafios-da-infraestrutura\/#primaryimage","url":"https:\/\/alfacaps.com.br\/wp-content\/uploads\/2025\/02\/carregador-carro-eletrico.webp","contentUrl":"https:\/\/alfacaps.com.br\/wp-content\/uploads\/2025\/02\/carregador-carro-eletrico.webp","width":996,"height":646,"caption":"A crescente ado\u00e7\u00e3o de ve\u00edculos el\u00e9tricos traz desafios para a infraestrutura. Saiba quais s\u00e3o e como o setor est\u00e1 se adaptando."},{"@type":"BreadcrumbList","@id":"https:\/\/alfacaps.com.br\/index.php\/2025\/02\/24\/a-popularizacao-dos-veiculos-eletricos-e-os-desafios-da-infraestrutura\/#breadcrumb","itemListElement":[{"@type":"ListItem","position":1,"name":"In\u00edcio","item":"https:\/\/alfacaps.com.br\/"},{"@type":"ListItem","position":2,"name":"A Populariza\u00e7\u00e3o dos Ve\u00edculos El\u00e9tricos e os Desafios da Infraestrutura\u00a0"}]},{"@type":"WebSite","@id":"https:\/\/alfacaps.com.br\/#website","url":"https:\/\/alfacaps.com.br\/","name":"alfacaps.com.br","description":"Portal de Artigos","potentialAction":[{"@type":"SearchAction","target":{"@type":"EntryPoint","urlTemplate":"https:\/\/alfacaps.com.br\/?s={search_term_string}"},"query-input":{"@type":"PropertyValueSpecification","valueRequired":true,"valueName":"search_term_string"}}],"inLanguage":"pt-BR"},{"@type":"Person","@id":"https:\/\/alfacaps.com.br\/#\/schema\/person\/8013da0303231399f4d2e7ddc22e2aa4","name":"kathleen.oliveira","image":{"@type":"ImageObject","inLanguage":"pt-BR","@id":"https:\/\/alfacaps.com.br\/#\/schema\/person\/image\/","url":"https:\/\/secure.gravatar.com\/avatar\/47323764b972c8002feef185abcbb6dae9568c78b9b2804535aa4b09393d40eb?s=96&d=mm&r=g","contentUrl":"https:\/\/secure.gravatar.com\/avatar\/47323764b972c8002feef185abcbb6dae9568c78b9b2804535aa4b09393d40eb?s=96&d=mm&r=g","caption":"kathleen.oliveira"},"url":"https:\/\/alfacaps.com.br\/index.php\/author\/kathleen-oliveira\/"}]}},"_links":{"self":[{"href":"https:\/\/alfacaps.com.br\/index.php\/wp-json\/wp\/v2\/posts\/484","targetHints":{"allow":["GET"]}}],"collection":[{"href":"https:\/\/alfacaps.com.br\/index.php\/wp-json\/wp\/v2\/posts"}],"about":[{"href":"https:\/\/alfacaps.com.br\/index.php\/wp-json\/wp\/v2\/types\/post"}],"author":[{"embeddable":true,"href":"https:\/\/alfacaps.com.br\/index.php\/wp-json\/wp\/v2\/users\/3"}],"replies":[{"embeddable":true,"href":"https:\/\/alfacaps.com.br\/index.php\/wp-json\/wp\/v2\/comments?post=484"}],"version-history":[{"count":2,"href":"https:\/\/alfacaps.com.br\/index.php\/wp-json\/wp\/v2\/posts\/484\/revisions"}],"predecessor-version":[{"id":572,"href":"https:\/\/alfacaps.com.br\/index.php\/wp-json\/wp\/v2\/posts\/484\/revisions\/572"}],"wp:featuredmedia":[{"embeddable":true,"href":"https:\/\/alfacaps.com.br\/index.php\/wp-json\/wp\/v2\/media\/487"}],"wp:attachment":[{"href":"https:\/\/alfacaps.com.br\/index.php\/wp-json\/wp\/v2\/media?parent=484"}],"wp:term":[{"taxonomy":"category","embeddable":true,"href":"https:\/\/alfacaps.com.br\/index.php\/wp-json\/wp\/v2\/categories?post=484"},{"taxonomy":"post_tag","embeddable":true,"href":"https:\/\/alfacaps.com.br\/index.php\/wp-json\/wp\/v2\/tags?post=484"}],"curies":[{"name":"wp","href":"https:\/\/api.w.org\/{rel}","templated":true}]}}