{"id":343,"date":"2024-11-21T22:28:10","date_gmt":"2024-11-21T22:28:10","guid":{"rendered":"https:\/\/alfacaps.com.br\/?p=343"},"modified":"2024-12-01T22:38:09","modified_gmt":"2024-12-01T22:38:09","slug":"mercado-de-trabalho-europeu-como-se-preparar-para-oportunidades-internacionais","status":"publish","type":"post","link":"https:\/\/alfacaps.com.br\/index.php\/2024\/11\/21\/mercado-de-trabalho-europeu-como-se-preparar-para-oportunidades-internacionais\/","title":{"rendered":"Mercado de trabalho europeu: como se preparar para oportunidades internacionais"},"content":{"rendered":"\n<p>A vida \u00e9 repleta de decis\u00f5es que podem abrir portas para novas experi\u00eancias e crescimento pessoal. Para muitos, a ideia de trabalhar no exterior, especialmente no <strong>mercado de trabalho europeu<\/strong>, se torna um sonho inspetor diante da busca por <strong>oportunidades internacionais<\/strong>. Para os profissionais brasileiros, essa jornada pode ser um caminho para aprimorar habilidades, vivenciar culturas diversas e, claro, conquistar um <strong>emprego na Europa<\/strong> que traga n\u00e3o apenas realiza\u00e7\u00e3o profissional, mas tamb\u00e9m um enriquecimento pessoal incr\u00edvel.<\/p>\n\n\n\n<p>De acordo com a <a href=\"https:\/\/voceeuropeu.com.br\/\">consultoria Voc\u00ea Europeu<\/a>, \u00e9 fundamental entender que essa transi\u00e7\u00e3o requer prepara\u00e7\u00e3o e estrat\u00e9gia. Desde o conhecimento das caracter\u00edsticas do <strong>mercado de trabalho europeu<\/strong> at\u00e9 as compet\u00eancias valorizadas nesse ambiente t\u00e3o din\u00e2mico, cada passo dado \u00e9 crucial para transformar esse sonho em realidade. Neste artigo, vamos explorar as melhores pr\u00e1ticas e dicas para voc\u00ea se destacar, navegando com confian\u00e7a pelas oportunidades que a Europa tem a oferecer.<\/p>\n\n\n\n<h2 class=\"wp-block-heading\">Introdu\u00e7\u00e3o ao mercado de trabalho europeu<\/h2>\n\n\n\n<figure class=\"wp-block-image size-large\"><img loading=\"lazy\" decoding=\"async\" width=\"1024\" height=\"686\" src=\"https:\/\/alfacaps.com.br\/wp-content\/uploads\/2024\/12\/foto-europa-1024x686.jpg\" alt=\"Introdu\u00e7\u00e3o ao mercado de trabalho europeu\" class=\"wp-image-345\" srcset=\"https:\/\/alfacaps.com.br\/wp-content\/uploads\/2024\/12\/foto-europa-1024x686.jpg 1024w, https:\/\/alfacaps.com.br\/wp-content\/uploads\/2024\/12\/foto-europa-300x201.jpg 300w, https:\/\/alfacaps.com.br\/wp-content\/uploads\/2024\/12\/foto-europa-768x514.jpg 768w, https:\/\/alfacaps.com.br\/wp-content\/uploads\/2024\/12\/foto-europa.jpg 1280w\" sizes=\"auto, (max-width: 1024px) 100vw, 1024px\" \/><\/figure>\n\n\n\n<p>Em um mundo cada vez mais globalizado, o <em>mercado de trabalho Europa<\/em> se destaca por sua diversidade e dinamismo. Profissionais de diversas \u00e1reas, como tecnologia, engenharia e sa\u00fade, buscam novas oportunidades em pa\u00edses que valorizam o <em>profissionalismo europeu<\/em>, como Alemanha, Fran\u00e7a e os Pa\u00edses Baixos. Esses pa\u00edses, conhecidos por sua receptividade, adquirem talentos internacionais para impulsionar o crescimento de seus setores econ\u00f4micos.<\/p>\n\n\n\n<p>As <em>tend\u00eancias de emprego na Europa<\/em> s\u00e3o influenciadas por mudan\u00e7as econ\u00f4micas, pol\u00edticas e sociais. Com o foco na inclus\u00e3o, o mercado se abre a profissionais de diferentes origens, criando um ambiente rico em culturas e experi\u00eancias. A Uni\u00e3o Europeia, por exemplo, implementa diretrizes que podem impactar a mobilidade e a demanda por m\u00e3o de obra qualificada. Este contexto oferece uma variedade de oportunidades para aqueles que desejam expandir suas carreiras al\u00e9m das fronteiras nacionais.<\/p>\n\n\n\n<h2 class=\"wp-block-heading\">Entendendo as oportunidades internacionais<\/h2>\n\n\n\n<p>As <em>oportunidades de carreira<\/em> est\u00e3o em alta no cen\u00e1rio internacional, especialmente para aqueles que buscam um <em>trabalho no exterior<\/em>. A Europa apresenta um leque diverso de possibilidades para profissionais qualificados. Cada pa\u00eds possui caracter\u00edsticas \u00fanicas, que v\u00e3o al\u00e9m das vagas de emprego dispon\u00edveis.<\/p>\n\n\n\n<p>\u00c9 essencial compreender os benef\u00edcios trabalhistas, as condi\u00e7\u00f5es de vida e o potencial de <em>crescimento profissional na Europa<\/em>. Profissionais que se aventuram em mercados menos explorados frequentemente se deparam com vantagens not\u00e1veis, como programas de mobilidade que facilitam a transi\u00e7\u00e3o e a adapta\u00e7\u00e3o.<\/p>\n\n\n\n<ul class=\"wp-block-list\">\n<li>Explora\u00e7\u00e3o de mercados emergentes oferece experi\u00eancias \u00fanicas.<\/li>\n\n\n\n<li>Benef\u00edcios trabalhistas diferenciados contribuem para melhor qualidade de vida.<\/li>\n\n\n\n<li>Oportunidades de interc\u00e2mbio cultural enriquecem a forma\u00e7\u00e3o profissional.<\/li>\n<\/ul>\n\n\n\n<p>Para aqueles dispostos a inserir-se em novos ambientes, o investimento em desenvolvimento de compet\u00eancias torna-se fundamental. Ter uma mentalidade aberta e adapt\u00e1vel \u00e9 indispens\u00e1vel para aproveitar ao m\u00e1ximo as <em>oportunidades de carreira<\/em> que surgem no continente europeu.<\/p>\n\n\n\n<h2 class=\"wp-block-heading\">Mercado de trabalho europeu: caracter\u00edsticas principais<\/h2>\n\n\n\n<p>O <strong>mercado de trabalho europeu<\/strong> apresenta <em>caracter\u00edsticas do mercado europeu<\/em> que o tornam \u00fanico. Uma das principais diferen\u00e7as \u00e9 a valoriza\u00e7\u00e3o da forma\u00e7\u00e3o acad\u00eamica e das habilidades t\u00e9cnicas, que s\u00e3o frequentemente exigidas em diversas \u00e1reas de atua\u00e7\u00e3o. A <em>din\u00e2mica de trabalho na Europa<\/em> varia consideravelmente entre os pa\u00edses, mas h\u00e1 um esfor\u00e7o comum em busca de um equil\u00edbrio saud\u00e1vel entre vida profissional e pessoal.<\/p>\n\n\n\n<p>Al\u00e9m disso, a identifica\u00e7\u00e3o de tend\u00eancias \u00e9 vital para compreender a <em>empregabilidade na Europa<\/em>. As empresas est\u00e3o cada vez mais se adaptando ao uso de tecnologias digitais, que n\u00e3o apenas facilitam o trabalho, mas tamb\u00e9m aumentam as expectativas sobre a capacidade dos colaboradores de se adaptarem a essas inova\u00e7\u00f5es.<\/p>\n\n\n\n<ul class=\"wp-block-list\">\n<li>A sustentabilidade \u00e9 um valor crescente nas pol\u00edticas corporativas, refletindo uma preocupa\u00e7\u00e3o com o meio ambiente.<\/li>\n\n\n\n<li>A responsabilidade social tamb\u00e9m se destaca, exigindo que as empresas operem de forma \u00e9tica e transparente.<\/li>\n\n\n\n<li>Um compromisso com a qualidade de vida dos colaboradores promove ambientes de trabalho mais humanos.<\/li>\n<\/ul>\n\n\n\n<p>Esses fatores tornam o mercado europeu um potente cen\u00e1rio para oportunidades, atraindo profissionais qualificados de diversas partes do mundo. A busca por um <strong>emprego na Europa<\/strong> envolve a compreens\u00e3o desses tra\u00e7os essenciais e a prepara\u00e7\u00e3o para se integrar a essa realidade laboral diversa e din\u00e2mica.<\/p>\n\n\n\n<h2 class=\"wp-block-heading\">Habilidades valorizadas no mercado europeu<\/h2>\n\n\n\n<p>No competitivo <strong>mercado de trabalho europeu<\/strong>, diversos fatores contribuem para o sucesso profissional. As <em>habilidades no mercado europeu<\/em>, tanto as t\u00e9cnicas quanto as interpessoais, s\u00e3o cruciais para se destacar e conquistar uma posi\u00e7\u00e3o desejada. Compreender a relev\u00e2ncia de <em>soft skills<\/em> e <em>hard skills<\/em> \u00e9 fundamental para qualquer candidato que deseje prosperar em sua carreira.<\/p>\n\n\n\n<h3 class=\"wp-block-heading\">Soft skills e hard skills essenciais<\/h3>\n\n\n\n<p>As <em>soft skills<\/em> englobam capacidades como trabalho em equipe, comunica\u00e7\u00e3o eficaz e lideran\u00e7a. Essas habilidades s\u00e3o indispens\u00e1veis em ambientes colaborativos, onde a intera\u00e7\u00e3o e o entendimento m\u00fatuo entre profissionais s\u00e3o vitais. Por outro lado, as <em>hard skills<\/em> referem-se a compet\u00eancias t\u00e9cnicas espec\u00edficas, como dom\u00ednio de linguagens de programa\u00e7\u00e3o ou uso de ferramentas especializadas. O desenvolvimento dessas habilidades t\u00e9cnicas \u00e9 fundamental para atender \u00e0s exig\u00eancias do mercado de trabalho.<\/p>\n\n\n\n<h3 class=\"wp-block-heading\">O papel da educa\u00e7\u00e3o e forma\u00e7\u00e3o profissional<\/h3>\n\n\n\n<p>A <em>import\u00e2ncia da educa\u00e7\u00e3o<\/em> n\u00e3o pode ser subestimada no contexto europeu. O <em>grau acad\u00eamico na Europa<\/em> frequentemente influencia as oportunidades dispon\u00edveis. Institui\u00e7\u00f5es de ensino superior oferecem <em>forma\u00e7\u00e3o profissional na Europa<\/em> alinhada \u00e0s demandas do mercado, valorizando graus reconhecidos globalmente. Al\u00e9m disso, a atualiza\u00e7\u00e3o cont\u00ednua por meio de programas de aperfei\u00e7oamento \u00e9 necess\u00e1ria para manter as <em>compet\u00eancias profissionais na Europa<\/em> em dia.<\/p>\n\n\n\n<h2 class=\"wp-block-heading\">Dicas para construir um curr\u00edculo europeu eficaz<\/h2>\n\n\n\n<p>Construir um <strong>curr\u00edculo europeu<\/strong> eficaz envolve entender os diferentes <em>formatos de curr\u00edculo<\/em> aceitos e como personaliz\u00e1-los para se adaptar \u00e0s especificidades culturais de cada pa\u00eds. Essa estrat\u00e9gia proporciona uma apresenta\u00e7\u00e3o clara das suas compet\u00eancias, aumentando as chances de se destacar no <em>mercado de trabalho multicultural<\/em>.<\/p>\n\n\n\n<h3 class=\"wp-block-heading\">Formatos de curr\u00edculo mais utilizados<\/h3>\n\n\n\n<p>Os <em>formatos de curr\u00edculo<\/em> podem variar significativamente entre os pa\u00edses europeus. Um dos modelos mais reconhecidos \u00e9 o Europass, que visa padronizar informa\u00e7\u00f5es e oferecer uma estrutura f\u00e1cil de seguir. Os principais elementos a considerar incluem:<\/p>\n\n\n\n<ul class=\"wp-block-list\">\n<li>Informa\u00e7\u00f5es pessoais bem organizadas.<\/li>\n\n\n\n<li>Descri\u00e7\u00e3o clara da experi\u00eancia profissional, com destaque para resultados e conquistas.<\/li>\n\n\n\n<li>Educa\u00e7\u00e3o e forma\u00e7\u00e3o, apresentadas de forma objetiva.<\/li>\n\n\n\n<li>Habilidades e compet\u00eancias, separadas em <strong>soft skills<\/strong> e <strong>hard skills<\/strong>.<\/li>\n<\/ul>\n\n\n\n<h3 class=\"wp-block-heading\">Adapta\u00e7\u00e3o do curr\u00edculo \u00e0s diferentes culturas<\/h3>\n\n\n\n<p>A <em>personaliza\u00e7\u00e3o de curr\u00edculo<\/em> \u00e9 essencial para impress\u00f5es positivas nas entrevistas. As expectativas culturais podem direcionar quais informa\u00e7\u00f5es receber\u00e3o mais \u00eanfase. Considere:<\/p>\n\n\n\n<ul class=\"wp-block-list\">\n<li>No norte da Europa, o foco pode estar em experi\u00eancias anteriores.<\/li>\n\n\n\n<li>No sul, a \u00eanfase pode ser em resultados quantific\u00e1veis e habilidades interpessoais.<\/li>\n\n\n\n<li>Alguns pa\u00edses preferem curr\u00edculos mais extensos, enquanto outros valorizam a clareza e concis\u00e3o.<\/li>\n<\/ul>\n\n\n\n<p>Assim, entender a <em>adapta\u00e7\u00e3o cultural<\/em> do <em>modelo de curr\u00edculo<\/em> pode ser uma grande vantagem para se destacar em cada regi\u00e3o espec\u00edfica da Europa.<\/p>\n\n\n\n<h2 class=\"wp-block-heading\">Networking: a chave para oportunidades internacionais<\/h2>\n\n\n\n<p>O <em>networking na Europa<\/em> se revela uma ferramenta imprescind\u00edvel no mercado de trabalho. Construir <em>conex\u00f5es profissionais<\/em> pode abrir portas que muitas vezes n\u00e3o est\u00e3o dispon\u00edveis em sites tradicionais de emprego. As rela\u00e7\u00f5es estabelecidas podem levar a oportunidades que, de outra forma, permaneceriam inacess\u00edveis.<\/p>\n\n\n\n<p>Uma das maneiras mais eficazes de <em>como fazer networking<\/em> \u00e9 participar de eventos da sua \u00e1rea de atua\u00e7\u00e3o. Confer\u00eancias, feiras de emprego e f\u00f3runs s\u00e3o espa\u00e7os ricos para conhecer pessoas que compartilham interesses semelhantes e que podem ajudar na sua carreira. As conversas informais frequentemente se transformam em oportunidades valiosas.<\/p>\n\n\n\n<p>A import\u00e2ncia das redes sociais, especialmente o LinkedIn, n\u00e3o pode ser subestimada. Plataformas online facilitam ainda mais a cria\u00e7\u00e3o e manuten\u00e7\u00e3o de <em>conex\u00f5es profissionais<\/em>. Mantenha seu perfil atualizado e interaja com outros usu\u00e1rios para expandir sua rede e potencialmente atrair oportunidades profissionais.<\/p>\n\n\n\n<ul class=\"wp-block-list\">\n<li>Participe de eventos de networking em sua \u00e1rea;<\/li>\n\n\n\n<li>Conecte-se com profissionais no LinkedIn;<\/li>\n\n\n\n<li>Crie e compartilhe conte\u00fado relevante para sua rede;<\/li>\n\n\n\n<li>Busque mentores que possam orientar sua trajet\u00f3ria.<\/li>\n<\/ul>\n\n\n\n<p>Investir tempo e esfor\u00e7o em <em>como fazer networking<\/em> pode resultar em um acesso sem precedentes a possibilidades de emprego e parcerias internacionais. As conex\u00f5es estabelecidas hoje podem ser a chave para o sucesso no futuro.<\/p>\n\n\n\n<h2 class=\"wp-block-heading\">Como se preparar para entrevistas de emprego na Europa<\/h2>\n\n\n\n<p>Preparar-se para <strong>entrevistas de emprego<\/strong> na Europa envolve compreender as <em>difer\u00eancias culturais<\/em> que podem influenciar a forma como os recrutadores conduzem o processo. Cada pa\u00eds possui suas particularidades, e estar ciente disso pode fazer a diferen\u00e7a entre ser lembrado ou n\u00e3o.<\/p>\n\n\n\n<h3 class=\"wp-block-heading\">Diferen\u00e7as culturais em entrevistas de emprego<\/h3>\n\n\n\n<p>Para realizar uma boa <em>prepara\u00e7\u00e3o para entrevistas na Europa<\/em>, considere as seguintes dicas:<\/p>\n\n\n\n<ul class=\"wp-block-list\">\n<li>Fa\u00e7a uma pesquisa detalhada sobre a empresa e sua cultura organizacional.<\/li>\n\n\n\n<li>Esteja atento \u00e0 pontualidade, que \u00e9 geralmente valorizada em muitos pa\u00edses europeus.<\/li>\n\n\n\n<li>Observe o comportamento e as atitudes esperadas: um estilo mais formal pode ser preferido em algumas culturas, enquanto outras podem ser mais descontra\u00eddas.<\/li>\n\n\n\n<li>Escolha o vestu\u00e1rio adequado de acordo com o ambiente da empresa; isso demonstra respeito e cuidado.<\/li>\n<\/ul>\n\n\n\n<p>Dominar essas nuances pode proporcionar uma vantagem nas <em>entrevistas de emprego<\/em> e gerar uma impress\u00e3o positiva. O conhecimento pr\u00e9vio sobre as <em>difer\u00eancias culturais<\/em> n\u00e3o s\u00f3 ajuda na postura durante a entrevista, mas tamb\u00e9m no desenvolvimento de uma comunica\u00e7\u00e3o eficaz.<\/p>\n\n\n\n<h2 class=\"wp-block-heading\">A import\u00e2ncia do idioma no mercado europeu<\/h2>\n\n\n\n<p>A flu\u00eancia em l\u00ednguas estrangeiras \u00e9 uma habilidade crucial para quem busca inser\u00e7\u00e3o no mercado europeu. O <em>idioma no trabalho europeu<\/em> pode determinar o sucesso em processos seletivos e a capacidade de se adaptar a novas culturas profissionais. O ingl\u00eas \u00e9 frequentemente a l\u00edngua franca, mas conhecimentos em idiomas locais aumentam ainda mais suas oportunidades.<\/p>\n\n\n\n<p>Com a diversidade lingu\u00edstica presente na Europa, domina-se um ou mais <em>idiomas valorizados<\/em> como franc\u00eas, alem\u00e3o ou espanhol, pode ser um diferencial importante. Muitas empresas buscam candidatos que n\u00e3o s\u00f3 tenham a capacidade de comunicar-se em ingl\u00eas, mas que tamb\u00e9m entendam e respeitem a cultura local. Portanto, investir na <em>flu\u00eancia em l\u00ednguas estrangeiras<\/em> vale a pena para maximizar as chances de sucesso.<\/p>\n\n\n\n<p>As op\u00e7\u00f5es de cursos de idiomas s\u00e3o vastas, variando de m\u00e9todos presenciais a plataformas online, garantindo que todos possam encontrar um formato que se adeque ao seu estilo de aprendizado. \u00c9 fundamental praticar a comunica\u00e7\u00e3o eficaz, pois isso n\u00e3o apenas contribui para a experi\u00eancia no ambiente de trabalho, mas tamb\u00e9m para a constru\u00e7\u00e3o de relacionamentos duradouros e significativos.<\/p>\n\n\n\n<h2 class=\"wp-block-heading\">Vistos e documenta\u00e7\u00e3o: o que voc\u00ea precisa saber<\/h2>\n\n\n\n<p>A obten\u00e7\u00e3o de um <strong>visto de trabalho na Europa<\/strong> \u00e9 um passo crucial para quem deseja se estabelecer e atuar profissionalmente no continente. Cada pa\u00eds possui suas particularidades e regulamenta\u00e7\u00f5es pr\u00f3prias que regem a <em>imigra\u00e7\u00e3o na Europa<\/em>. Por isso, \u00e9 essencial entender as diferentes op\u00e7\u00f5es dispon\u00edveis e os requisitos espec\u00edficos de cada uma delas.<\/p>\n\n\n\n<p>Entre as informa\u00e7\u00f5es mais relevantes sobre a <em>documenta\u00e7\u00e3o necess\u00e1ria<\/em>, destacam-se:<\/p>\n\n\n\n<ul class=\"wp-block-list\">\n<li>Tipos de vistos: h\u00e1 vistos de trabalho, estudante e outros, cada um com suas condi\u00e7\u00f5es e objetivos espec\u00edficos.<\/li>\n\n\n\n<li>Processo de aplica\u00e7\u00e3o: a maioria dos pa\u00edses exige a apresenta\u00e7\u00e3o de documentos que comprovem a inten\u00e7\u00e3o de trabalho, como oferta de emprego ou contrato.<\/li>\n\n\n\n<li>Prazo de validade: \u00e9 importante estar ciente da dura\u00e7\u00e3o do visto, uma vez que alguns podem ser tempor\u00e1rios enquanto outros permitem resid\u00eancia permanente.<\/li>\n\n\n\n<li>Crit\u00e9rios espec\u00edficos: verifique se h\u00e1 exig\u00eancias adicionais, como testes de idioma ou comprova\u00e7\u00e3o de experi\u00eancia profissional.<\/li>\n<\/ul>\n\n\n\n<p>Por fim, estar bem informado sobre o <em>visto de trabalho na Europa<\/em> e a <em>documenta\u00e7\u00e3o necess\u00e1ria<\/em> n\u00e3o s\u00f3 facilita a transi\u00e7\u00e3o, mas tamb\u00e9m garante que voc\u00ea esteja preparado para aproveitar as oportunidades que surgirem no mercado europeu.<\/p>\n\n\n\n<h2 class=\"wp-block-heading\">Recursos online para encontrar vagas internacionais<\/h2>\n\n\n\n<p>Encontrar oportunidades de trabalho na Europa pode parecer desafiador, mas h\u00e1 uma ampla gama de recursos online que simplificam a <strong>busca de vagas internacionais<\/strong>. Utilizar as <strong>plataformas de emprego<\/strong> corretas e explorar as <strong>redes sociais profissionais<\/strong> se tornou essencial para aqueles que desejam expandir suas op\u00e7\u00f5es de carreira.<\/p>\n\n\n\n<h3 class=\"wp-block-heading\">Sites e plataformas de emprego<\/h3>\n\n\n\n<p>Os sites de <strong>emprego na Europa<\/strong> s\u00e3o fundamentais para quem est\u00e1 em <strong>busca de vagas internacionais<\/strong>. Entre os mais populares, destacam-se:<\/p>\n\n\n\n<ul class=\"wp-block-list\">\n<li>LinkedIn: Ideal para <strong>networking online<\/strong> e para visualizar vagas diretamente relacionadas \u00e0 sua \u00e1rea de atua\u00e7\u00e3o.<\/li>\n\n\n\n<li>Indeed: Oferece uma vasta gama de an\u00fancios de emprego em diversas \u00e1reas e n\u00edveis de experi\u00eancia.<\/li>\n\n\n\n<li>Glassdoor: Permite que candidatos avaliem empresas e vejam as vagas dispon\u00edveis, al\u00e9m de informa\u00e7\u00f5es sobre sal\u00e1rios.<\/li>\n<\/ul>\n\n\n\n<p>Al\u00e9m desses, existem <strong>plataformas de emprego<\/strong> especializadas em setores como tecnologia e sa\u00fade, tornando a busca de emprego mais direcionada e eficaz.<\/p>\n\n\n\n<h3 class=\"wp-block-heading\">Redes sociais profissionais<\/h3>\n\n\n\n<p>As <strong>redes sociais profissionais<\/strong> t\u00eam se tornado cada vez mais relevantes na busca de emprego. O LinkedIn, por exemplo, oferece recursos valiosos para a constru\u00e7\u00e3o de um perfil robusto. Os usu\u00e1rios podem:<\/p>\n\n\n\n<ul class=\"wp-block-list\">\n<li>Conectar-se a recrutadores e profissionais da sua \u00e1rea.<\/li>\n\n\n\n<li>Acompanhar empresas de interesse para ficar por dentro das vagas dispon\u00edveis.<\/li>\n\n\n\n<li>Participar de grupos que discutem temas relacionados ao seu campo profissional.<\/li>\n<\/ul>\n\n\n\n<p>Essas intera\u00e7\u00f5es n\u00e3o apenas ampliam a rede de contatos, mas tamb\u00e9m aumentam as chances na <strong>busca de emprego nas redes sociais.<\/strong> Otimizar o perfil e engajar-se de forma profissional pode fazer toda a diferen\u00e7a ao buscar <strong>oportunidades internacionais<\/strong>.<\/p>\n\n\n\n<h2 class=\"wp-block-heading\">Est\u00e1gios e programas de interc\u00e2mbio na Europa<\/h2>\n\n\n\n<p>Os <strong>est\u00e1gios na Europa<\/strong> e os <strong>programas de interc\u00e2mbio<\/strong> oferecem oportunidades valiosas para aqueles que buscam uma <em>experi\u00eancia internacional<\/em> enriquecedora. Participar de um est\u00e1gio pode ser um diferencial no curr\u00edculo, j\u00e1 que permite aplicar os conhecimentos adquiridos em sala de aula em um ambiente real de trabalho.<\/p>\n\n\n\n<p>Uma das op\u00e7\u00f5es mais populares \u00e9 o programa Erasmus, que facilita a mobilidade de estudantes e profissionais entre pa\u00edses europeus. Este programa proporciona n\u00e3o apenas forma\u00e7\u00e3o acad\u00eamica, mas tamb\u00e9m a chance de desenvolver habilidades pr\u00e1ticas em contextos multiculturais.<\/p>\n\n\n\n<ul class=\"wp-block-list\">\n<li>Desenvolvimento de uma rede de contatos profissionais.<\/li>\n\n\n\n<li>Possibilidade de aprendizado de novos idiomas.<\/li>\n\n\n\n<li>Experi\u00eancia em diferentes setores e ambientes de trabalho.<\/li>\n<\/ul>\n\n\n\n<p>Para quem est\u00e1 interessado em se candidatar a essas oportunidades, \u00e9 fundamental pesquisar bem sobre as op\u00e7\u00f5es dispon\u00edveis. Conhecer os requisitos de cada programa \u00e9 essencial para aumentar as chances de sucesso na aplica\u00e7\u00e3o e maximizar as vantagens da <em>experi\u00eancia internacional<\/em>.<\/p>\n\n\n\n<h2 class=\"wp-block-heading\">Conclus\u00e3o<\/h2>\n\n\n\n<p>Em resumo, o mercado de trabalho europeu oferece diversas oportunidades que podem ser aproveitadas por profissionais brasileiros em busca de novos desafios. A prepara\u00e7\u00e3o para empregos internacionais \u00e9 fundamental, pois envolve o desenvolvimento de habilidades espec\u00edficas e a <strong>adapta\u00e7\u00e3o cultural<\/strong> necess\u00e1ria para se destacar em um ambiente competitivo.<\/p>\n\n\n\n<p>Ao longo deste artigo, discutimos a import\u00e2ncia de um planejamento cuidadoso, que inclui a constru\u00e7\u00e3o de um curr\u00edculo eficaz e a prepara\u00e7\u00e3o para <strong>entrevistas de emprego<\/strong>. Al\u00e9m disso, ressaltamos a relev\u00e2ncia do networking e do dom\u00ednio de idiomas, elementos essenciais para se tornar um candidato atraente para empresas europeias.<\/p>\n\n\n\n<p>Portanto, ao se preparar para o mercado de trabalho europeu, o foco deve ser em estrat\u00e9gias informadas e bem estruturadas. Isso certamente facilitar\u00e1 a transi\u00e7\u00e3o e possibilitar\u00e1 uma carreira internacional gratificante. Lembre-se: a chave para o sucesso est\u00e1 na sua dedica\u00e7\u00e3o e preparo para enfrentar essa nova jornada.<\/p>\n\n\n\n<h2 class=\"wp-block-heading\">FAQ<\/h2>\n\n\n\n<h3 class=\"wp-block-heading\">Como posso encontrar oportunidades de emprego na Europa?<\/h3>\n\n\n\n<p>Existem v\u00e1rias maneiras de encontrar oportunidades de <strong>emprego na Europa<\/strong>. Plataformas como LinkedIn, Indeed e Glassdoor s\u00e3o excelentes pontos de partida. Al\u00e9m disso, participar de eventos de networking e utilizar <strong>redes sociais profissionais<\/strong> pode ajudar a ampliar sua rede de contatos.<\/p>\n\n\n\n<h3 class=\"wp-block-heading\">Quais s\u00e3o as habilidades mais valorizadas no mercado de trabalho europeu?<\/h3>\n\n\n\n<p>As empresas europeias valorizam tanto <strong>soft skills<\/strong>, como comunica\u00e7\u00e3o, trabalho em equipe e resolu\u00e7\u00e3o de problemas, quanto <strong>hard skills<\/strong>, que incluem conhecimentos t\u00e9cnicos espec\u00edficos. A forma\u00e7\u00e3o acad\u00eamica tamb\u00e9m desempenha um papel crucial na empregabilidade.<\/p>\n\n\n\n<h3 class=\"wp-block-heading\">\u00c9 necess\u00e1rio falar o idioma local para trabalhar na Europa?<\/h3>\n\n\n\n<p>Embora a flu\u00eancia em ingl\u00eas seja frequentemente suficiente para muitas posi\u00e7\u00f5es, falar o idioma local pode ser um grande diferencial e \u00e9 muitas vezes um pr\u00e9-requisito, especialmente em empresas que atendem ao p\u00fablico local. Aprender a l\u00edngua do pa\u00eds pode facilitar a adapta\u00e7\u00e3o e a comunica\u00e7\u00e3o.<\/p>\n\n\n\n<h3 class=\"wp-block-heading\">Quais s\u00e3o os tipos de visto necess\u00e1rios para trabalhar na Europa?<\/h3>\n\n\n\n<p>Os vistos de trabalho variam de acordo com o pa\u00eds e a natureza do emprego. \u00c9 fundamental entender as regras espec\u00edficas de imigra\u00e7\u00e3o de cada na\u00e7\u00e3o. Alguns pa\u00edses oferecem vistos de trabalho tempor\u00e1rios, enquanto outros t\u00eam op\u00e7\u00f5es mais permanentes.<\/p>\n\n\n\n<h3 class=\"wp-block-heading\">Como posso adaptar meu curr\u00edculo para o mercado de trabalho europeu?<\/h3>\n\n\n\n<p>Adaptar seu curr\u00edculo \u00e9 essencial. Utilize formatos populares, como o Europass, e personalize seu conte\u00fado para cada pa\u00eds, enfatizando experi\u00eancias que atendam \u00e0s expectativas locais. Exemplos espec\u00edficos e resultados quantific\u00e1veis s\u00e3o bem vistos.<\/p>\n\n\n\n<h3 class=\"wp-block-heading\">O que posso fazer para me preparar para entrevistas de emprego na Europa?<\/h3>\n\n\n\n<p>Pesquisar sobre a empresa e entender sua cultura s\u00e3o passos importantes. Al\u00e9m disso, esteja ciente das <strong>diferen\u00e7as culturais<\/strong> nas entrevistas. Chegue pontualmente, vista-se adequadamente e prepare-se para responder a perguntas sobre suas experi\u00eancias de forma clara e objetiva.<\/p>\n\n\n\n<h3 class=\"wp-block-heading\">Qual a import\u00e2ncia de ter experi\u00eancia internacional?<\/h3>\n\n\n\n<p>A experi\u00eancia internacional pode enriquecer seu curr\u00edculo e ampliar suas perspectivas profissionais. <strong>Programas de interc\u00e2mbio<\/strong> e <strong>est\u00e1gios na Europa<\/strong> n\u00e3o s\u00f3 oferecem conhecimento pr\u00e1tico, mas tamb\u00e9m ajudam a construir uma rede de contatos valiosa.<\/p>\n\n\n\n<h3 class=\"wp-block-heading\">Como fazer networking de forma eficaz na Europa?<\/h3>\n\n\n\n<p><strong>Networking na Europa<\/strong> pode ser muito eficaz se voc\u00ea participar de eventos do setor, confer\u00eancias e workshops. Al\u00e9m disso, usar plataformas como o LinkedIn para conectar-se com profissionais da sua \u00e1rea \u00e9 uma estrat\u00e9gia recomendada para aumentar suas oportunidades de emprego.<\/p>\n","protected":false},"excerpt":{"rendered":"<p>A vida \u00e9 repleta de decis\u00f5es que podem abrir portas para novas experi\u00eancias e crescimento pessoal. Para muitos, a ideia de trabalhar no exterior, especialmente no mercado de trabalho europeu, se torna um sonho inspetor diante da busca por oportunidades internacionais. Para os profissionais brasileiros, essa jornada pode ser um caminho para aprimorar habilidades, vivenciar [&hellip;]<\/p>\n","protected":false},"author":4,"featured_media":344,"comment_status":"open","ping_status":"open","sticky":false,"template":"","format":"standard","meta":{"footnotes":""},"categories":[10],"tags":[],"class_list":["post-343","post","type-post","status-publish","format-standard","has-post-thumbnail","hentry","category-negocios"],"yoast_head":"<!-- This site is optimized with the Yoast SEO plugin v26.5 - https:\/\/yoast.com\/wordpress\/plugins\/seo\/ -->\n<title>Mercado de trabalho europeu: como se preparar para oportunidades internacionais - alfacaps.com.br<\/title>\n<meta name=\"description\" content=\"Descubra estrat\u00e9gias essenciais para navegar no mercado de trabalho europeu e conquistar vagas internacionais.\" \/>\n<meta name=\"robots\" content=\"index, follow, max-snippet:-1, max-image-preview:large, max-video-preview:-1\" \/>\n<link rel=\"canonical\" href=\"https:\/\/alfacaps.com.br\/index.php\/2024\/11\/21\/mercado-de-trabalho-europeu-como-se-preparar-para-oportunidades-internacionais\/\" \/>\n<meta property=\"og:locale\" content=\"pt_BR\" \/>\n<meta property=\"og:type\" content=\"article\" \/>\n<meta property=\"og:title\" content=\"Mercado de trabalho europeu: como se preparar para oportunidades internacionais - alfacaps.com.br\" \/>\n<meta property=\"og:description\" content=\"Descubra estrat\u00e9gias essenciais para navegar no mercado de trabalho europeu e conquistar vagas internacionais.\" \/>\n<meta property=\"og:url\" content=\"https:\/\/alfacaps.com.br\/index.php\/2024\/11\/21\/mercado-de-trabalho-europeu-como-se-preparar-para-oportunidades-internacionais\/\" \/>\n<meta property=\"og:site_name\" content=\"alfacaps.com.br\" \/>\n<meta property=\"article:published_time\" content=\"2024-11-21T22:28:10+00:00\" \/>\n<meta property=\"article:modified_time\" content=\"2024-12-01T22:38:09+00:00\" \/>\n<meta property=\"og:image\" content=\"https:\/\/alfacaps.com.br\/wp-content\/uploads\/2024\/12\/europa-mercado-de-trabalho.jpg\" \/>\n\t<meta property=\"og:image:width\" content=\"1280\" \/>\n\t<meta property=\"og:image:height\" content=\"881\" \/>\n\t<meta property=\"og:image:type\" content=\"image\/jpeg\" \/>\n<meta name=\"author\" content=\"Rodrigo Macedo\" \/>\n<meta name=\"twitter:card\" content=\"summary_large_image\" \/>\n<meta name=\"twitter:label1\" content=\"Escrito por\" \/>\n\t<meta name=\"twitter:data1\" content=\"Rodrigo Macedo\" \/>\n\t<meta name=\"twitter:label2\" content=\"Est. tempo de leitura\" \/>\n\t<meta name=\"twitter:data2\" content=\"16 minutos\" \/>\n<script type=\"application\/ld+json\" class=\"yoast-schema-graph\">{\"@context\":\"https:\/\/schema.org\",\"@graph\":[{\"@type\":\"WebPage\",\"@id\":\"https:\/\/alfacaps.com.br\/index.php\/2024\/11\/21\/mercado-de-trabalho-europeu-como-se-preparar-para-oportunidades-internacionais\/\",\"url\":\"https:\/\/alfacaps.com.br\/index.php\/2024\/11\/21\/mercado-de-trabalho-europeu-como-se-preparar-para-oportunidades-internacionais\/\",\"name\":\"Mercado de trabalho europeu: como se preparar para oportunidades internacionais - alfacaps.com.br\",\"isPartOf\":{\"@id\":\"https:\/\/alfacaps.com.br\/#website\"},\"primaryImageOfPage\":{\"@id\":\"https:\/\/alfacaps.com.br\/index.php\/2024\/11\/21\/mercado-de-trabalho-europeu-como-se-preparar-para-oportunidades-internacionais\/#primaryimage\"},\"image\":{\"@id\":\"https:\/\/alfacaps.com.br\/index.php\/2024\/11\/21\/mercado-de-trabalho-europeu-como-se-preparar-para-oportunidades-internacionais\/#primaryimage\"},\"thumbnailUrl\":\"https:\/\/alfacaps.com.br\/wp-content\/uploads\/2024\/12\/europa-mercado-de-trabalho.jpg\",\"datePublished\":\"2024-11-21T22:28:10+00:00\",\"dateModified\":\"2024-12-01T22:38:09+00:00\",\"author\":{\"@id\":\"https:\/\/alfacaps.com.br\/#\/schema\/person\/915d2b7960a98b9ed508144e203ea7a2\"},\"description\":\"Descubra estrat\u00e9gias essenciais para navegar no mercado de trabalho europeu e conquistar vagas internacionais.\",\"breadcrumb\":{\"@id\":\"https:\/\/alfacaps.com.br\/index.php\/2024\/11\/21\/mercado-de-trabalho-europeu-como-se-preparar-para-oportunidades-internacionais\/#breadcrumb\"},\"inLanguage\":\"pt-BR\",\"potentialAction\":[{\"@type\":\"ReadAction\",\"target\":[\"https:\/\/alfacaps.com.br\/index.php\/2024\/11\/21\/mercado-de-trabalho-europeu-como-se-preparar-para-oportunidades-internacionais\/\"]}]},{\"@type\":\"ImageObject\",\"inLanguage\":\"pt-BR\",\"@id\":\"https:\/\/alfacaps.com.br\/index.php\/2024\/11\/21\/mercado-de-trabalho-europeu-como-se-preparar-para-oportunidades-internacionais\/#primaryimage\",\"url\":\"https:\/\/alfacaps.com.br\/wp-content\/uploads\/2024\/12\/europa-mercado-de-trabalho.jpg\",\"contentUrl\":\"https:\/\/alfacaps.com.br\/wp-content\/uploads\/2024\/12\/europa-mercado-de-trabalho.jpg\",\"width\":1280,\"height\":881},{\"@type\":\"BreadcrumbList\",\"@id\":\"https:\/\/alfacaps.com.br\/index.php\/2024\/11\/21\/mercado-de-trabalho-europeu-como-se-preparar-para-oportunidades-internacionais\/#breadcrumb\",\"itemListElement\":[{\"@type\":\"ListItem\",\"position\":1,\"name\":\"In\u00edcio\",\"item\":\"https:\/\/alfacaps.com.br\/\"},{\"@type\":\"ListItem\",\"position\":2,\"name\":\"Mercado de trabalho europeu: como se preparar para oportunidades internacionais\"}]},{\"@type\":\"WebSite\",\"@id\":\"https:\/\/alfacaps.com.br\/#website\",\"url\":\"https:\/\/alfacaps.com.br\/\",\"name\":\"alfacaps.com.br\",\"description\":\"Portal de Artigos\",\"potentialAction\":[{\"@type\":\"SearchAction\",\"target\":{\"@type\":\"EntryPoint\",\"urlTemplate\":\"https:\/\/alfacaps.com.br\/?s={search_term_string}\"},\"query-input\":{\"@type\":\"PropertyValueSpecification\",\"valueRequired\":true,\"valueName\":\"search_term_string\"}}],\"inLanguage\":\"pt-BR\"},{\"@type\":\"Person\",\"@id\":\"https:\/\/alfacaps.com.br\/#\/schema\/person\/915d2b7960a98b9ed508144e203ea7a2\",\"name\":\"Rodrigo Macedo\",\"image\":{\"@type\":\"ImageObject\",\"inLanguage\":\"pt-BR\",\"@id\":\"https:\/\/alfacaps.com.br\/#\/schema\/person\/image\/\",\"url\":\"https:\/\/secure.gravatar.com\/avatar\/d5ab5e150b2d0fc7fbdac000cb56eb43a2c494cfb8f7cc99bf88cf4a162169a3?s=96&d=mm&r=g\",\"contentUrl\":\"https:\/\/secure.gravatar.com\/avatar\/d5ab5e150b2d0fc7fbdac000cb56eb43a2c494cfb8f7cc99bf88cf4a162169a3?s=96&d=mm&r=g\",\"caption\":\"Rodrigo Macedo\"},\"url\":\"https:\/\/alfacaps.com.br\/index.php\/author\/rodrigo-macedo\/\"}]}<\/script>\n<!-- \/ Yoast SEO plugin. -->","yoast_head_json":{"title":"Mercado de trabalho europeu: como se preparar para oportunidades internacionais - alfacaps.com.br","description":"Descubra estrat\u00e9gias essenciais para navegar no mercado de trabalho europeu e conquistar vagas internacionais.","robots":{"index":"index","follow":"follow","max-snippet":"max-snippet:-1","max-image-preview":"max-image-preview:large","max-video-preview":"max-video-preview:-1"},"canonical":"https:\/\/alfacaps.com.br\/index.php\/2024\/11\/21\/mercado-de-trabalho-europeu-como-se-preparar-para-oportunidades-internacionais\/","og_locale":"pt_BR","og_type":"article","og_title":"Mercado de trabalho europeu: como se preparar para oportunidades internacionais - alfacaps.com.br","og_description":"Descubra estrat\u00e9gias essenciais para navegar no mercado de trabalho europeu e conquistar vagas internacionais.","og_url":"https:\/\/alfacaps.com.br\/index.php\/2024\/11\/21\/mercado-de-trabalho-europeu-como-se-preparar-para-oportunidades-internacionais\/","og_site_name":"alfacaps.com.br","article_published_time":"2024-11-21T22:28:10+00:00","article_modified_time":"2024-12-01T22:38:09+00:00","og_image":[{"width":1280,"height":881,"url":"https:\/\/alfacaps.com.br\/wp-content\/uploads\/2024\/12\/europa-mercado-de-trabalho.jpg","type":"image\/jpeg"}],"author":"Rodrigo Macedo","twitter_card":"summary_large_image","twitter_misc":{"Escrito por":"Rodrigo Macedo","Est. tempo de leitura":"16 minutos"},"schema":{"@context":"https:\/\/schema.org","@graph":[{"@type":"WebPage","@id":"https:\/\/alfacaps.com.br\/index.php\/2024\/11\/21\/mercado-de-trabalho-europeu-como-se-preparar-para-oportunidades-internacionais\/","url":"https:\/\/alfacaps.com.br\/index.php\/2024\/11\/21\/mercado-de-trabalho-europeu-como-se-preparar-para-oportunidades-internacionais\/","name":"Mercado de trabalho europeu: como se preparar para oportunidades internacionais - alfacaps.com.br","isPartOf":{"@id":"https:\/\/alfacaps.com.br\/#website"},"primaryImageOfPage":{"@id":"https:\/\/alfacaps.com.br\/index.php\/2024\/11\/21\/mercado-de-trabalho-europeu-como-se-preparar-para-oportunidades-internacionais\/#primaryimage"},"image":{"@id":"https:\/\/alfacaps.com.br\/index.php\/2024\/11\/21\/mercado-de-trabalho-europeu-como-se-preparar-para-oportunidades-internacionais\/#primaryimage"},"thumbnailUrl":"https:\/\/alfacaps.com.br\/wp-content\/uploads\/2024\/12\/europa-mercado-de-trabalho.jpg","datePublished":"2024-11-21T22:28:10+00:00","dateModified":"2024-12-01T22:38:09+00:00","author":{"@id":"https:\/\/alfacaps.com.br\/#\/schema\/person\/915d2b7960a98b9ed508144e203ea7a2"},"description":"Descubra estrat\u00e9gias essenciais para navegar no mercado de trabalho europeu e conquistar vagas internacionais.","breadcrumb":{"@id":"https:\/\/alfacaps.com.br\/index.php\/2024\/11\/21\/mercado-de-trabalho-europeu-como-se-preparar-para-oportunidades-internacionais\/#breadcrumb"},"inLanguage":"pt-BR","potentialAction":[{"@type":"ReadAction","target":["https:\/\/alfacaps.com.br\/index.php\/2024\/11\/21\/mercado-de-trabalho-europeu-como-se-preparar-para-oportunidades-internacionais\/"]}]},{"@type":"ImageObject","inLanguage":"pt-BR","@id":"https:\/\/alfacaps.com.br\/index.php\/2024\/11\/21\/mercado-de-trabalho-europeu-como-se-preparar-para-oportunidades-internacionais\/#primaryimage","url":"https:\/\/alfacaps.com.br\/wp-content\/uploads\/2024\/12\/europa-mercado-de-trabalho.jpg","contentUrl":"https:\/\/alfacaps.com.br\/wp-content\/uploads\/2024\/12\/europa-mercado-de-trabalho.jpg","width":1280,"height":881},{"@type":"BreadcrumbList","@id":"https:\/\/alfacaps.com.br\/index.php\/2024\/11\/21\/mercado-de-trabalho-europeu-como-se-preparar-para-oportunidades-internacionais\/#breadcrumb","itemListElement":[{"@type":"ListItem","position":1,"name":"In\u00edcio","item":"https:\/\/alfacaps.com.br\/"},{"@type":"ListItem","position":2,"name":"Mercado de trabalho europeu: como se preparar para oportunidades internacionais"}]},{"@type":"WebSite","@id":"https:\/\/alfacaps.com.br\/#website","url":"https:\/\/alfacaps.com.br\/","name":"alfacaps.com.br","description":"Portal de Artigos","potentialAction":[{"@type":"SearchAction","target":{"@type":"EntryPoint","urlTemplate":"https:\/\/alfacaps.com.br\/?s={search_term_string}"},"query-input":{"@type":"PropertyValueSpecification","valueRequired":true,"valueName":"search_term_string"}}],"inLanguage":"pt-BR"},{"@type":"Person","@id":"https:\/\/alfacaps.com.br\/#\/schema\/person\/915d2b7960a98b9ed508144e203ea7a2","name":"Rodrigo Macedo","image":{"@type":"ImageObject","inLanguage":"pt-BR","@id":"https:\/\/alfacaps.com.br\/#\/schema\/person\/image\/","url":"https:\/\/secure.gravatar.com\/avatar\/d5ab5e150b2d0fc7fbdac000cb56eb43a2c494cfb8f7cc99bf88cf4a162169a3?s=96&d=mm&r=g","contentUrl":"https:\/\/secure.gravatar.com\/avatar\/d5ab5e150b2d0fc7fbdac000cb56eb43a2c494cfb8f7cc99bf88cf4a162169a3?s=96&d=mm&r=g","caption":"Rodrigo Macedo"},"url":"https:\/\/alfacaps.com.br\/index.php\/author\/rodrigo-macedo\/"}]}},"_links":{"self":[{"href":"https:\/\/alfacaps.com.br\/index.php\/wp-json\/wp\/v2\/posts\/343","targetHints":{"allow":["GET"]}}],"collection":[{"href":"https:\/\/alfacaps.com.br\/index.php\/wp-json\/wp\/v2\/posts"}],"about":[{"href":"https:\/\/alfacaps.com.br\/index.php\/wp-json\/wp\/v2\/types\/post"}],"author":[{"embeddable":true,"href":"https:\/\/alfacaps.com.br\/index.php\/wp-json\/wp\/v2\/users\/4"}],"replies":[{"embeddable":true,"href":"https:\/\/alfacaps.com.br\/index.php\/wp-json\/wp\/v2\/comments?post=343"}],"version-history":[{"count":1,"href":"https:\/\/alfacaps.com.br\/index.php\/wp-json\/wp\/v2\/posts\/343\/revisions"}],"predecessor-version":[{"id":346,"href":"https:\/\/alfacaps.com.br\/index.php\/wp-json\/wp\/v2\/posts\/343\/revisions\/346"}],"wp:featuredmedia":[{"embeddable":true,"href":"https:\/\/alfacaps.com.br\/index.php\/wp-json\/wp\/v2\/media\/344"}],"wp:attachment":[{"href":"https:\/\/alfacaps.com.br\/index.php\/wp-json\/wp\/v2\/media?parent=343"}],"wp:term":[{"taxonomy":"category","embeddable":true,"href":"https:\/\/alfacaps.com.br\/index.php\/wp-json\/wp\/v2\/categories?post=343"},{"taxonomy":"post_tag","embeddable":true,"href":"https:\/\/alfacaps.com.br\/index.php\/wp-json\/wp\/v2\/tags?post=343"}],"curies":[{"name":"wp","href":"https:\/\/api.w.org\/{rel}","templated":true}]}}